{"id":1008,"date":"2022-10-20T19:29:00","date_gmt":"2022-10-20T17:29:00","guid":{"rendered":"http:\/\/sp174.waw.pl\/?p=1008"},"modified":"2022-10-24T18:05:29","modified_gmt":"2022-10-24T16:05:29","slug":"katy-w-klasie-7","status":"publish","type":"post","link":"https:\/\/sp174.waw.pl\/?p=1008","title":{"rendered":"K\u0105ty w klasie 5"},"content":{"rendered":"\n<p class=\"has-text-align-center\">K\u0105t &#8211; co to jest? Czym jest k\u0105t? Mo\u017cna \u0142atwo wyt\u0142umaczy\u0107. Narysuj dwa przecinaj\u0105ce si\u0119 linie, &nbsp;albo znajd\u017a taki w swoim otoczeniu ( skrzy\u017cowane o\u0142\u00f3wki, r\u0119ce, sznurki itp.). K\u0105t prosty mo\u017cna znale\u017a\u0107 wsz\u0119dzie w mieszkaniu, w domu : k\u0105ty pokoju, prostok\u0105tny st\u00f3\u0142, prostok\u0105tne kafelki w kuchni czy \u0142azience. K\u0105t ostry to taki, kt\u00f3ry jest mniejszy od k\u0105ta prostego, czy inaczej: \u201emo\u017cna go zmie\u015bci\u0107 w k\u0105cie prostym\u201d. K\u0105t rozwarty to taki, w kt\u00f3rym mie\u015bci si\u0119 k\u0105t prosty. Nauczycielka matematyki pani Elwira postanowi\u0142a si\u0119 przybli\u017cy\u0107 uczniom tematyk\u0119 tr\u00f3jk\u0105t\u00f3w i pobawi\u0107 w kreatywne tr\u00f3jk\u0105ty z kordonka z klas\u0105 5a. A oto wynik pracy uczni\u00f3w. Przy okazji uczniowie utrwalali wiedz\u0119 na temat k\u0105t\u00f3w.<\/p>\n\n\n\n<p>K\u0105ty s\u0105 r\u00f3\u017cne,                                                                                                                                                    I my o tym ju\u017c wiemy,                                                                                                                                    Ale czy odr\u00f3\u017cni\u0107 je mo\u017cemy?                                                                                                                        No jasne, \u017ce tak,                                                                                                                                    Umiemy to zrobi\u0107,                                                                                                                                         Na lekcji matematyki                                                                                                                               Zrobili\u015bmy modele,                                                                                                                                          A to w\u0142a\u015bciwie dla nas by\u0142o                                                                                                                          Ma\u0142o pracy, a w\u0142a\u015bciwie niewiele.<\/p>\n\n\n\n<p class=\"has-text-align-right\"><em>Katarzyna Kalbarczyk<\/em><\/p>\n\n\n\n<figure class=\"wp-block-image size-full\"><img loading=\"lazy\" decoding=\"async\" width=\"94\" height=\"125\" src=\"https:\/\/sp174.waw.pl\/wp-content\/uploads\/2022\/10\/Katy1117067.jpg\" alt=\"\" class=\"wp-image-1077\"\/><\/figure>\n\n\n\n<figure class=\"wp-block-image size-full\"><img loading=\"lazy\" decoding=\"async\" width=\"94\" height=\"125\" src=\"https:\/\/sp174.waw.pl\/wp-content\/uploads\/2022\/10\/Katy2117068.jpg\" alt=\"\" class=\"wp-image-1078\"\/><\/figure>\n\n\n\n<figure class=\"wp-block-image size-full\"><img loading=\"lazy\" decoding=\"async\" width=\"94\" height=\"125\" src=\"https:\/\/sp174.waw.pl\/wp-content\/uploads\/2022\/10\/Katy3117069.jpg\" alt=\"\" class=\"wp-image-1079\"\/><\/figure>\n\n\n\n<figure class=\"wp-block-image size-full\"><img loading=\"lazy\" decoding=\"async\" width=\"94\" height=\"125\" src=\"https:\/\/sp174.waw.pl\/wp-content\/uploads\/2022\/10\/Katy4117070.jpg\" alt=\"\" class=\"wp-image-1080\"\/><\/figure>\n","protected":false},"excerpt":{"rendered":"<p>K\u0105t &#8211; co to jest? Czym jest k\u0105t? Mo\u017cna \u0142atwo wyt\u0142umaczy\u0107. Narysuj dwa przecinaj\u0105ce si\u0119 linie, &nbsp;albo znajd\u017a taki w swoim otoczeniu ( skrzy\u017cowane o\u0142\u00f3wki, r\u0119ce, sznurki itp.). K\u0105t prosty mo\u017cna znale\u017a\u0107 wsz\u0119dzie w mieszkaniu, w domu : k\u0105ty pokoju, prostok\u0105tny st\u00f3\u0142, prostok\u0105tne kafelki w kuchni czy \u0142azience. K\u0105t ostry to taki, kt\u00f3ry jest mniejszy&hellip; <br \/> <a class=\"read-more\" href=\"https:\/\/sp174.waw.pl\/?p=1008\">Czytaj dalej<\/a><\/p>\n","protected":false},"author":1,"featured_media":1077,"comment_status":"closed","ping_status":"","sticky":false,"template":"","format":"standard","meta":{"footnotes":""},"categories":[1],"tags":[],"class_list":["post-1008","post","type-post","status-publish","format-standard","has-post-thumbnail","hentry","category-bez-kategorii"],"_links":{"self":[{"href":"https:\/\/sp174.waw.pl\/index.php?rest_route=\/wp\/v2\/posts\/1008","targetHints":{"allow":["GET"]}}],"collection":[{"href":"https:\/\/sp174.waw.pl\/index.php?rest_route=\/wp\/v2\/posts"}],"about":[{"href":"https:\/\/sp174.waw.pl\/index.php?rest_route=\/wp\/v2\/types\/post"}],"author":[{"embeddable":true,"href":"https:\/\/sp174.waw.pl\/index.php?rest_route=\/wp\/v2\/users\/1"}],"replies":[{"embeddable":true,"href":"https:\/\/sp174.waw.pl\/index.php?rest_route=%2Fwp%2Fv2%2Fcomments&post=1008"}],"version-history":[{"count":4,"href":"https:\/\/sp174.waw.pl\/index.php?rest_route=\/wp\/v2\/posts\/1008\/revisions"}],"predecessor-version":[{"id":1081,"href":"https:\/\/sp174.waw.pl\/index.php?rest_route=\/wp\/v2\/posts\/1008\/revisions\/1081"}],"wp:featuredmedia":[{"embeddable":true,"href":"https:\/\/sp174.waw.pl\/index.php?rest_route=\/wp\/v2\/media\/1077"}],"wp:attachment":[{"href":"https:\/\/sp174.waw.pl\/index.php?rest_route=%2Fwp%2Fv2%2Fmedia&parent=1008"}],"wp:term":[{"taxonomy":"category","embeddable":true,"href":"https:\/\/sp174.waw.pl\/index.php?rest_route=%2Fwp%2Fv2%2Fcategories&post=1008"},{"taxonomy":"post_tag","embeddable":true,"href":"https:\/\/sp174.waw.pl\/index.php?rest_route=%2Fwp%2Fv2%2Ftags&post=1008"}],"curies":[{"name":"wp","href":"https:\/\/api.w.org\/{rel}","templated":true}]}}