{"id":1229,"date":"2022-11-13T16:42:43","date_gmt":"2022-11-13T15:42:43","guid":{"rendered":"https:\/\/sp174.waw.pl\/?p=1229"},"modified":"2022-11-13T16:42:44","modified_gmt":"2022-11-13T15:42:44","slug":"uroczystosc-swieta-niepodleglosci-w-dzielnicy-wesola","status":"publish","type":"post","link":"https:\/\/sp174.waw.pl\/?p=1229","title":{"rendered":"Uroczysto\u015b\u0107 \u015awi\u0119ta Niepodleg\u0142o\u015bci w Dzielnicy Weso\u0142a"},"content":{"rendered":"<p>Uroczysto\u015b\u0107 z okazji \u015awi\u0119ta Niepodleg\u0142o\u015bci w naszej dzielnicy odby\u0142a si\u0119 na terenie Szko\u0142y Podstawowej nr 172 z udzia\u0142em kompanii honorowej z 1 Brygady Pancernej im. Tadeusza Ko\u015bciuszki oraz w\u0142adz Dzielnicy Warszawy Weso\u0142ej. W uroczysto\u015bci bra\u0142y r\u00f3wnie\u017c udzia\u0142 poczty sztandarowe reprezentuj\u0105ce szko\u0142y z naszej dzielnicy.<\/p>\n\n\n<figure class=\"wp-block-gallery has-nested-images columns-default is-cropped wp-block-gallery-1 is-layout-flex wp-block-gallery-is-layout-flex\">\n<figure class=\"wp-block-image size-large\"><img loading=\"lazy\" decoding=\"async\" width=\"275\" height=\"206\" data-id=\"1230\" src=\"https:\/\/sp174.waw.pl\/wp-content\/uploads\/2022\/11\/314996307_500530515450440_7824384726339712416_n.jpg\" alt=\"\" class=\"wp-image-1230\"\/><\/figure>\n\n\n\n<figure class=\"wp-block-image size-large\"><img loading=\"lazy\" decoding=\"async\" width=\"338\" height=\"452\" data-id=\"1231\" src=\"https:\/\/sp174.waw.pl\/wp-content\/uploads\/2022\/11\/315014215_1500409893796358_8539020346396030491_n.jpg\" alt=\"\" class=\"wp-image-1231\" srcset=\"https:\/\/sp174.waw.pl\/wp-content\/uploads\/2022\/11\/315014215_1500409893796358_8539020346396030491_n.jpg 338w, https:\/\/sp174.waw.pl\/wp-content\/uploads\/2022\/11\/315014215_1500409893796358_8539020346396030491_n-224x300.jpg 224w\" sizes=\"auto, (max-width: 338px) 100vw, 338px\" \/><\/figure>\n\n\n\n<figure class=\"wp-block-image size-large\"><img loading=\"lazy\" decoding=\"async\" width=\"154\" height=\"206\" data-id=\"1232\" src=\"https:\/\/sp174.waw.pl\/wp-content\/uploads\/2022\/11\/315320974_1296205564479499_5503289660991084726_n.jpg\" alt=\"\" class=\"wp-image-1232\"\/><\/figure>\n<\/figure>\n","protected":false},"excerpt":{"rendered":"<p>Uroczysto\u015b\u0107 z okazji \u015awi\u0119ta Niepodleg\u0142o\u015bci w naszej dzielnicy odby\u0142a si\u0119 na terenie Szko\u0142y Podstawowej nr 172 z udzia\u0142em kompanii honorowej z 1 Brygady Pancernej im. Tadeusza Ko\u015bciuszki oraz w\u0142adz Dzielnicy Warszawy Weso\u0142ej. W uroczysto\u015bci bra\u0142y r\u00f3wnie\u017c udzia\u0142 poczty sztandarowe reprezentuj\u0105ce szko\u0142y z naszej dzielnicy.<\/p>\n","protected":false},"author":1,"featured_media":1232,"comment_status":"closed","ping_status":"closed","sticky":false,"template":"","format":"standard","meta":{"footnotes":""},"categories":[1],"tags":[],"class_list":["post-1229","post","type-post","status-publish","format-standard","has-post-thumbnail","hentry","category-bez-kategorii"],"_links":{"self":[{"href":"https:\/\/sp174.waw.pl\/index.php?rest_route=\/wp\/v2\/posts\/1229","targetHints":{"allow":["GET"]}}],"collection":[{"href":"https:\/\/sp174.waw.pl\/index.php?rest_route=\/wp\/v2\/posts"}],"about":[{"href":"https:\/\/sp174.waw.pl\/index.php?rest_route=\/wp\/v2\/types\/post"}],"author":[{"embeddable":true,"href":"https:\/\/sp174.waw.pl\/index.php?rest_route=\/wp\/v2\/users\/1"}],"replies":[{"embeddable":true,"href":"https:\/\/sp174.waw.pl\/index.php?rest_route=%2Fwp%2Fv2%2Fcomments&post=1229"}],"version-history":[{"count":1,"href":"https:\/\/sp174.waw.pl\/index.php?rest_route=\/wp\/v2\/posts\/1229\/revisions"}],"predecessor-version":[{"id":1233,"href":"https:\/\/sp174.waw.pl\/index.php?rest_route=\/wp\/v2\/posts\/1229\/revisions\/1233"}],"wp:featuredmedia":[{"embeddable":true,"href":"https:\/\/sp174.waw.pl\/index.php?rest_route=\/wp\/v2\/media\/1232"}],"wp:attachment":[{"href":"https:\/\/sp174.waw.pl\/index.php?rest_route=%2Fwp%2Fv2%2Fmedia&parent=1229"}],"wp:term":[{"taxonomy":"category","embeddable":true,"href":"https:\/\/sp174.waw.pl\/index.php?rest_route=%2Fwp%2Fv2%2Fcategories&post=1229"},{"taxonomy":"post_tag","embeddable":true,"href":"https:\/\/sp174.waw.pl\/index.php?rest_route=%2Fwp%2Fv2%2Ftags&post=1229"}],"curies":[{"name":"wp","href":"https:\/\/api.w.org\/{rel}","templated":true}]}}