{"id":1737,"date":"2023-01-01T13:01:29","date_gmt":"2023-01-01T12:01:29","guid":{"rendered":"https:\/\/sp174.waw.pl\/?p=1737"},"modified":"2023-01-02T16:25:54","modified_gmt":"2023-01-02T15:25:54","slug":"podziekowanie","status":"publish","type":"post","link":"https:\/\/sp174.waw.pl\/?p=1737","title":{"rendered":"Podzi\u0119kowanie."},"content":{"rendered":"<p>Mo\u017ce stanie si\u0119 tak, \u017ce kt\u00f3ry\u015b z naszych kluczyk\u00f3w pomo\u017ce wybudzi\u0107 jakie\u015b dziecko.<\/p>\n<p>Uczniowie naszej szko\u0142y otrzymali podzi\u0119kowanie z Polskiego Towarzystwa Serwis\u00f3w Kluczowych za udzia\u0142 w akcji zbierania z\u0142omu kluczowego dla BUDZIKA.<\/p>\n<p>Dzi\u0119kujemy wszystkim za udzia\u0142 w zbi\u00f3rce.<\/p>\n<p>Ilona Babulewicz<\/p>\n<p>Katarzyna Kalbarczyk<\/p>\n\n\n<figure class=\"wp-block-image size-large\"><img loading=\"lazy\" decoding=\"async\" width=\"768\" height=\"1024\" src=\"https:\/\/sp174.waw.pl\/wp-content\/uploads\/2023\/01\/podziekowanie-zdj-tytulowe-1-768x1024.jpg\" alt=\"\" class=\"wp-image-1760\" srcset=\"https:\/\/sp174.waw.pl\/wp-content\/uploads\/2023\/01\/podziekowanie-zdj-tytulowe-1-768x1024.jpg 768w, https:\/\/sp174.waw.pl\/wp-content\/uploads\/2023\/01\/podziekowanie-zdj-tytulowe-1-225x300.jpg 225w, https:\/\/sp174.waw.pl\/wp-content\/uploads\/2023\/01\/podziekowanie-zdj-tytulowe-1-1152x1536.jpg 1152w, https:\/\/sp174.waw.pl\/wp-content\/uploads\/2023\/01\/podziekowanie-zdj-tytulowe-1-1024x1365.jpg 1024w, https:\/\/sp174.waw.pl\/wp-content\/uploads\/2023\/01\/podziekowanie-zdj-tytulowe-1-810x1080.jpg 810w, https:\/\/sp174.waw.pl\/wp-content\/uploads\/2023\/01\/podziekowanie-zdj-tytulowe-1-rotated.jpg 1254w\" sizes=\"auto, (max-width: 768px) 100vw, 768px\" \/><\/figure>\n","protected":false},"excerpt":{"rendered":"<p>Mo\u017ce stanie si\u0119 tak, \u017ce kt\u00f3ry\u015b z naszych kluczyk\u00f3w pomo\u017ce wybudzi\u0107 jakie\u015b dziecko. Uczniowie naszej szko\u0142y otrzymali podzi\u0119kowanie z Polskiego Towarzystwa Serwis\u00f3w Kluczowych za udzia\u0142 w akcji zbierania z\u0142omu kluczowego dla BUDZIKA. Dzi\u0119kujemy wszystkim za udzia\u0142 w zbi\u00f3rce. Ilona Babulewicz Katarzyna Kalbarczyk<\/p>\n","protected":false},"author":1,"featured_media":1754,"comment_status":"closed","ping_status":"closed","sticky":false,"template":"","format":"standard","meta":{"footnotes":""},"categories":[1],"tags":[],"class_list":["post-1737","post","type-post","status-publish","format-standard","has-post-thumbnail","hentry","category-bez-kategorii"],"_links":{"self":[{"href":"https:\/\/sp174.waw.pl\/index.php?rest_route=\/wp\/v2\/posts\/1737","targetHints":{"allow":["GET"]}}],"collection":[{"href":"https:\/\/sp174.waw.pl\/index.php?rest_route=\/wp\/v2\/posts"}],"about":[{"href":"https:\/\/sp174.waw.pl\/index.php?rest_route=\/wp\/v2\/types\/post"}],"author":[{"embeddable":true,"href":"https:\/\/sp174.waw.pl\/index.php?rest_route=\/wp\/v2\/users\/1"}],"replies":[{"embeddable":true,"href":"https:\/\/sp174.waw.pl\/index.php?rest_route=%2Fwp%2Fv2%2Fcomments&post=1737"}],"version-history":[{"count":3,"href":"https:\/\/sp174.waw.pl\/index.php?rest_route=\/wp\/v2\/posts\/1737\/revisions"}],"predecessor-version":[{"id":1763,"href":"https:\/\/sp174.waw.pl\/index.php?rest_route=\/wp\/v2\/posts\/1737\/revisions\/1763"}],"wp:featuredmedia":[{"embeddable":true,"href":"https:\/\/sp174.waw.pl\/index.php?rest_route=\/wp\/v2\/media\/1754"}],"wp:attachment":[{"href":"https:\/\/sp174.waw.pl\/index.php?rest_route=%2Fwp%2Fv2%2Fmedia&parent=1737"}],"wp:term":[{"taxonomy":"category","embeddable":true,"href":"https:\/\/sp174.waw.pl\/index.php?rest_route=%2Fwp%2Fv2%2Fcategories&post=1737"},{"taxonomy":"post_tag","embeddable":true,"href":"https:\/\/sp174.waw.pl\/index.php?rest_route=%2Fwp%2Fv2%2Ftags&post=1737"}],"curies":[{"name":"wp","href":"https:\/\/api.w.org\/{rel}","templated":true}]}}