{"id":1997,"date":"2022-11-11T14:23:00","date_gmt":"2022-11-11T13:23:00","guid":{"rendered":"http:\/\/sp174.waw.pl\/?p=1997"},"modified":"2023-02-23T14:25:08","modified_gmt":"2023-02-23T13:25:08","slug":"swieto-11-listopada-w-2-b","status":"publish","type":"post","link":"https:\/\/sp174.waw.pl\/?p=1997","title":{"rendered":"<strong>\u015aWI\u0118TO 11 LISTOPADA W 2 B<\/strong>"},"content":{"rendered":"<p class=\"Standard\" style=\"text-align: justify; text-justify: inter-ideograph;\">Rocznica odzyskania prze Polsk\u0119 niepodleg\u0142o\u015bci to jedno z najwa\u017cniejszych \u015bwi\u0105t w kraju. Piel\u0119gnujemy tradycj\u0119 \u015bwi\u0119towania tego dnia. Uczniowie przypomnieli sobie najwa\u017cniejsze fakty historyczne, opowiadali co wed\u0142ug nich znaczy s\u0142owo patriota, \u015bpiewali pie\u015bni patriotyczne, samodzielnie wykonali kotyliony i wzi\u0119li udzia\u0142 w szkolnej akademii.<\/p>\n<p class=\"Standard\" style=\"text-align: right;\" align=\"right\"><i>Marzena Delak<\/i><\/p>\n\n\n<figure class=\"wp-block-gallery has-nested-images columns-default is-cropped wp-block-gallery-1 is-layout-flex wp-block-gallery-is-layout-flex\">\n<figure class=\"wp-block-image size-large\"><img loading=\"lazy\" decoding=\"async\" width=\"1024\" height=\"768\" data-id=\"1998\" src=\"https:\/\/sp174.waw.pl\/wp-content\/uploads\/2023\/02\/IMG_1157-1024x768.jpeg\" alt=\"\" class=\"wp-image-1998\" srcset=\"https:\/\/sp174.waw.pl\/wp-content\/uploads\/2023\/02\/IMG_1157-1024x768.jpeg 1024w, https:\/\/sp174.waw.pl\/wp-content\/uploads\/2023\/02\/IMG_1157-300x225.jpeg 300w, https:\/\/sp174.waw.pl\/wp-content\/uploads\/2023\/02\/IMG_1157-768x576.jpeg 768w, https:\/\/sp174.waw.pl\/wp-content\/uploads\/2023\/02\/IMG_1157-1536x1152.jpeg 1536w, https:\/\/sp174.waw.pl\/wp-content\/uploads\/2023\/02\/IMG_1157-1440x1080.jpeg 1440w, https:\/\/sp174.waw.pl\/wp-content\/uploads\/2023\/02\/IMG_1157.jpeg 1672w\" sizes=\"auto, (max-width: 1024px) 100vw, 1024px\" \/><\/figure>\n\n\n\n<figure class=\"wp-block-image size-large\"><img loading=\"lazy\" decoding=\"async\" width=\"1024\" height=\"768\" data-id=\"2000\" src=\"https:\/\/sp174.waw.pl\/wp-content\/uploads\/2023\/02\/IMG_1158-1024x768.jpeg\" alt=\"\" class=\"wp-image-2000\" srcset=\"https:\/\/sp174.waw.pl\/wp-content\/uploads\/2023\/02\/IMG_1158-1024x768.jpeg 1024w, https:\/\/sp174.waw.pl\/wp-content\/uploads\/2023\/02\/IMG_1158-300x225.jpeg 300w, https:\/\/sp174.waw.pl\/wp-content\/uploads\/2023\/02\/IMG_1158-768x576.jpeg 768w, https:\/\/sp174.waw.pl\/wp-content\/uploads\/2023\/02\/IMG_1158-1536x1152.jpeg 1536w, https:\/\/sp174.waw.pl\/wp-content\/uploads\/2023\/02\/IMG_1158-1440x1080.jpeg 1440w, https:\/\/sp174.waw.pl\/wp-content\/uploads\/2023\/02\/IMG_1158.jpeg 1672w\" sizes=\"auto, (max-width: 1024px) 100vw, 1024px\" \/><\/figure>\n\n\n\n<figure class=\"wp-block-image size-large\"><img loading=\"lazy\" decoding=\"async\" width=\"1024\" height=\"768\" data-id=\"1999\" src=\"https:\/\/sp174.waw.pl\/wp-content\/uploads\/2023\/02\/IMG_1160-1024x768.jpeg\" alt=\"\" class=\"wp-image-1999\" srcset=\"https:\/\/sp174.waw.pl\/wp-content\/uploads\/2023\/02\/IMG_1160-1024x768.jpeg 1024w, https:\/\/sp174.waw.pl\/wp-content\/uploads\/2023\/02\/IMG_1160-300x225.jpeg 300w, https:\/\/sp174.waw.pl\/wp-content\/uploads\/2023\/02\/IMG_1160-768x576.jpeg 768w, https:\/\/sp174.waw.pl\/wp-content\/uploads\/2023\/02\/IMG_1160-1536x1152.jpeg 1536w, https:\/\/sp174.waw.pl\/wp-content\/uploads\/2023\/02\/IMG_1160-1440x1080.jpeg 1440w, https:\/\/sp174.waw.pl\/wp-content\/uploads\/2023\/02\/IMG_1160.jpeg 1672w\" sizes=\"auto, (max-width: 1024px) 100vw, 1024px\" \/><\/figure>\n\n\n\n<figure class=\"wp-block-image size-large\"><img loading=\"lazy\" decoding=\"async\" width=\"1024\" height=\"768\" data-id=\"2001\" src=\"https:\/\/sp174.waw.pl\/wp-content\/uploads\/2023\/02\/IMG_1162-1024x768.jpeg\" alt=\"\" class=\"wp-image-2001\" srcset=\"https:\/\/sp174.waw.pl\/wp-content\/uploads\/2023\/02\/IMG_1162-1024x768.jpeg 1024w, https:\/\/sp174.waw.pl\/wp-content\/uploads\/2023\/02\/IMG_1162-300x225.jpeg 300w, https:\/\/sp174.waw.pl\/wp-content\/uploads\/2023\/02\/IMG_1162-768x576.jpeg 768w, https:\/\/sp174.waw.pl\/wp-content\/uploads\/2023\/02\/IMG_1162-1536x1152.jpeg 1536w, https:\/\/sp174.waw.pl\/wp-content\/uploads\/2023\/02\/IMG_1162-1440x1080.jpeg 1440w, https:\/\/sp174.waw.pl\/wp-content\/uploads\/2023\/02\/IMG_1162.jpeg 1672w\" sizes=\"auto, (max-width: 1024px) 100vw, 1024px\" \/><\/figure>\n<\/figure>\n","protected":false},"excerpt":{"rendered":"<p>Rocznica odzyskania prze Polsk\u0119 niepodleg\u0142o\u015bci to jedno z najwa\u017cniejszych \u015bwi\u0105t w kraju. Piel\u0119gnujemy tradycj\u0119 \u015bwi\u0119towania tego dnia. Uczniowie przypomnieli sobie najwa\u017cniejsze fakty historyczne, opowiadali co wed\u0142ug nich znaczy s\u0142owo patriota, \u015bpiewali pie\u015bni patriotyczne, samodzielnie wykonali kotyliony i wzi\u0119li udzia\u0142 w szkolnej akademii. Marzena Delak<\/p>\n","protected":false},"author":1,"featured_media":0,"comment_status":"closed","ping_status":"","sticky":false,"template":"","format":"standard","meta":{"footnotes":""},"categories":[1],"tags":[],"class_list":["post-1997","post","type-post","status-publish","format-standard","hentry","category-bez-kategorii"],"_links":{"self":[{"href":"https:\/\/sp174.waw.pl\/index.php?rest_route=\/wp\/v2\/posts\/1997","targetHints":{"allow":["GET"]}}],"collection":[{"href":"https:\/\/sp174.waw.pl\/index.php?rest_route=\/wp\/v2\/posts"}],"about":[{"href":"https:\/\/sp174.waw.pl\/index.php?rest_route=\/wp\/v2\/types\/post"}],"author":[{"embeddable":true,"href":"https:\/\/sp174.waw.pl\/index.php?rest_route=\/wp\/v2\/users\/1"}],"replies":[{"embeddable":true,"href":"https:\/\/sp174.waw.pl\/index.php?rest_route=%2Fwp%2Fv2%2Fcomments&post=1997"}],"version-history":[{"count":1,"href":"https:\/\/sp174.waw.pl\/index.php?rest_route=\/wp\/v2\/posts\/1997\/revisions"}],"predecessor-version":[{"id":2005,"href":"https:\/\/sp174.waw.pl\/index.php?rest_route=\/wp\/v2\/posts\/1997\/revisions\/2005"}],"wp:attachment":[{"href":"https:\/\/sp174.waw.pl\/index.php?rest_route=%2Fwp%2Fv2%2Fmedia&parent=1997"}],"wp:term":[{"taxonomy":"category","embeddable":true,"href":"https:\/\/sp174.waw.pl\/index.php?rest_route=%2Fwp%2Fv2%2Fcategories&post=1997"},{"taxonomy":"post_tag","embeddable":true,"href":"https:\/\/sp174.waw.pl\/index.php?rest_route=%2Fwp%2Fv2%2Ftags&post=1997"}],"curies":[{"name":"wp","href":"https:\/\/api.w.org\/{rel}","templated":true}]}}