{"id":2087,"date":"2023-02-27T07:20:37","date_gmt":"2023-02-27T06:20:37","guid":{"rendered":"http:\/\/sp174.waw.pl\/?p=2087"},"modified":"2023-03-01T07:22:43","modified_gmt":"2023-03-01T06:22:43","slug":"koncert","status":"publish","type":"post","link":"https:\/\/sp174.waw.pl\/?p=2087","title":{"rendered":"<strong>KONCERT<\/strong>"},"content":{"rendered":"<p class=\"Standard\" style=\"text-align: justify; text-justify: inter-ideograph;\">Dnia 27 lutego 2023 r. odby\u0142 si\u0119 kolejny koncert. Tym razem arty\u015bci zaprezentowali muzyk\u0119 instrumentaln\u0105 (tr\u0105bka, gitara klasyczna, wiolonczela, fortepian), prezentuj\u0105c jej histori\u0119 na przestrzeni wiek\u00f3w. Uczniowie poznawali instrumenty oraz s\u0142uchali utwor\u00f3w znanych kompozytor\u00f3w. Szczeg\u00f3lnie spodoba\u0142o im si\u0119 \u201eBolero\u201d Maurice Ravela.<\/p>\n<p class=\"Standard\">\u00a0<\/p>\n<p class=\"Standard\" style=\"text-align: right;\" align=\"right\"><i>Marzena Delak<\/i><\/p>\n\n\n<figure class=\"wp-block-gallery has-nested-images columns-default is-cropped wp-block-gallery-1 is-layout-flex wp-block-gallery-is-layout-flex\">\n<figure class=\"wp-block-image size-large\"><img loading=\"lazy\" decoding=\"async\" width=\"768\" height=\"1024\" data-id=\"2088\" src=\"https:\/\/sp174.waw.pl\/wp-content\/uploads\/2023\/03\/IMG_2240-768x1024.jpeg\" alt=\"\" class=\"wp-image-2088\" srcset=\"https:\/\/sp174.waw.pl\/wp-content\/uploads\/2023\/03\/IMG_2240-768x1024.jpeg 768w, https:\/\/sp174.waw.pl\/wp-content\/uploads\/2023\/03\/IMG_2240-225x300.jpeg 225w, https:\/\/sp174.waw.pl\/wp-content\/uploads\/2023\/03\/IMG_2240-1152x1536.jpeg 1152w, https:\/\/sp174.waw.pl\/wp-content\/uploads\/2023\/03\/IMG_2240-1024x1365.jpeg 1024w, https:\/\/sp174.waw.pl\/wp-content\/uploads\/2023\/03\/IMG_2240-810x1080.jpeg 810w, https:\/\/sp174.waw.pl\/wp-content\/uploads\/2023\/03\/IMG_2240.jpeg 1254w\" sizes=\"auto, (max-width: 768px) 100vw, 768px\" \/><\/figure>\n\n\n\n<figure class=\"wp-block-image size-large\"><img loading=\"lazy\" decoding=\"async\" width=\"768\" height=\"1024\" data-id=\"2090\" src=\"https:\/\/sp174.waw.pl\/wp-content\/uploads\/2023\/03\/IMG_2241-768x1024.jpeg\" alt=\"\" class=\"wp-image-2090\" srcset=\"https:\/\/sp174.waw.pl\/wp-content\/uploads\/2023\/03\/IMG_2241-768x1024.jpeg 768w, https:\/\/sp174.waw.pl\/wp-content\/uploads\/2023\/03\/IMG_2241-225x300.jpeg 225w, https:\/\/sp174.waw.pl\/wp-content\/uploads\/2023\/03\/IMG_2241-1152x1536.jpeg 1152w, https:\/\/sp174.waw.pl\/wp-content\/uploads\/2023\/03\/IMG_2241-1024x1365.jpeg 1024w, https:\/\/sp174.waw.pl\/wp-content\/uploads\/2023\/03\/IMG_2241-810x1080.jpeg 810w, https:\/\/sp174.waw.pl\/wp-content\/uploads\/2023\/03\/IMG_2241.jpeg 1254w\" sizes=\"auto, (max-width: 768px) 100vw, 768px\" \/><\/figure>\n\n\n\n<figure class=\"wp-block-image size-large\"><img loading=\"lazy\" decoding=\"async\" width=\"1024\" height=\"768\" data-id=\"2089\" src=\"https:\/\/sp174.waw.pl\/wp-content\/uploads\/2023\/03\/IMG_2242-1024x768.jpeg\" alt=\"\" class=\"wp-image-2089\" srcset=\"https:\/\/sp174.waw.pl\/wp-content\/uploads\/2023\/03\/IMG_2242-1024x768.jpeg 1024w, https:\/\/sp174.waw.pl\/wp-content\/uploads\/2023\/03\/IMG_2242-300x225.jpeg 300w, https:\/\/sp174.waw.pl\/wp-content\/uploads\/2023\/03\/IMG_2242-768x576.jpeg 768w, https:\/\/sp174.waw.pl\/wp-content\/uploads\/2023\/03\/IMG_2242-1536x1152.jpeg 1536w, https:\/\/sp174.waw.pl\/wp-content\/uploads\/2023\/03\/IMG_2242-1440x1080.jpeg 1440w, https:\/\/sp174.waw.pl\/wp-content\/uploads\/2023\/03\/IMG_2242.jpeg 1672w\" sizes=\"auto, (max-width: 1024px) 100vw, 1024px\" \/><\/figure>\n\n\n\n<figure class=\"wp-block-image size-large\"><img loading=\"lazy\" decoding=\"async\" width=\"1024\" height=\"768\" data-id=\"2091\" src=\"https:\/\/sp174.waw.pl\/wp-content\/uploads\/2023\/03\/IMG_2243-1024x768.jpeg\" alt=\"\" class=\"wp-image-2091\" srcset=\"https:\/\/sp174.waw.pl\/wp-content\/uploads\/2023\/03\/IMG_2243-1024x768.jpeg 1024w, https:\/\/sp174.waw.pl\/wp-content\/uploads\/2023\/03\/IMG_2243-300x225.jpeg 300w, https:\/\/sp174.waw.pl\/wp-content\/uploads\/2023\/03\/IMG_2243-768x576.jpeg 768w, https:\/\/sp174.waw.pl\/wp-content\/uploads\/2023\/03\/IMG_2243-1536x1152.jpeg 1536w, https:\/\/sp174.waw.pl\/wp-content\/uploads\/2023\/03\/IMG_2243-1440x1080.jpeg 1440w, https:\/\/sp174.waw.pl\/wp-content\/uploads\/2023\/03\/IMG_2243.jpeg 1672w\" sizes=\"auto, (max-width: 1024px) 100vw, 1024px\" \/><\/figure>\n<\/figure>\n","protected":false},"excerpt":{"rendered":"<p>Dnia 27 lutego 2023 r. odby\u0142 si\u0119 kolejny koncert. Tym razem arty\u015bci zaprezentowali muzyk\u0119 instrumentaln\u0105 (tr\u0105bka, gitara klasyczna, wiolonczela, fortepian), prezentuj\u0105c jej histori\u0119 na przestrzeni wiek\u00f3w. Uczniowie poznawali instrumenty oraz s\u0142uchali utwor\u00f3w znanych kompozytor\u00f3w. Szczeg\u00f3lnie spodoba\u0142o im si\u0119 \u201eBolero\u201d Maurice Ravela. \u00a0 Marzena Delak<\/p>\n","protected":false},"author":1,"featured_media":0,"comment_status":"closed","ping_status":"","sticky":false,"template":"","format":"standard","meta":{"footnotes":""},"categories":[1],"tags":[],"class_list":["post-2087","post","type-post","status-publish","format-standard","hentry","category-bez-kategorii"],"_links":{"self":[{"href":"https:\/\/sp174.waw.pl\/index.php?rest_route=\/wp\/v2\/posts\/2087","targetHints":{"allow":["GET"]}}],"collection":[{"href":"https:\/\/sp174.waw.pl\/index.php?rest_route=\/wp\/v2\/posts"}],"about":[{"href":"https:\/\/sp174.waw.pl\/index.php?rest_route=\/wp\/v2\/types\/post"}],"author":[{"embeddable":true,"href":"https:\/\/sp174.waw.pl\/index.php?rest_route=\/wp\/v2\/users\/1"}],"replies":[{"embeddable":true,"href":"https:\/\/sp174.waw.pl\/index.php?rest_route=%2Fwp%2Fv2%2Fcomments&post=2087"}],"version-history":[{"count":1,"href":"https:\/\/sp174.waw.pl\/index.php?rest_route=\/wp\/v2\/posts\/2087\/revisions"}],"predecessor-version":[{"id":2092,"href":"https:\/\/sp174.waw.pl\/index.php?rest_route=\/wp\/v2\/posts\/2087\/revisions\/2092"}],"wp:attachment":[{"href":"https:\/\/sp174.waw.pl\/index.php?rest_route=%2Fwp%2Fv2%2Fmedia&parent=2087"}],"wp:term":[{"taxonomy":"category","embeddable":true,"href":"https:\/\/sp174.waw.pl\/index.php?rest_route=%2Fwp%2Fv2%2Fcategories&post=2087"},{"taxonomy":"post_tag","embeddable":true,"href":"https:\/\/sp174.waw.pl\/index.php?rest_route=%2Fwp%2Fv2%2Ftags&post=2087"}],"curies":[{"name":"wp","href":"https:\/\/api.w.org\/{rel}","templated":true}]}}