{"id":2170,"date":"2023-04-11T21:56:07","date_gmt":"2023-04-11T19:56:07","guid":{"rendered":"http:\/\/sp174.waw.pl\/?p=2170"},"modified":"2023-04-11T21:56:08","modified_gmt":"2023-04-11T19:56:08","slug":"30-lat-szkola-podstawowa-nr-174-z-oddzialami-integracyjnymi-im-tadeusza-kosciuszki","status":"publish","type":"post","link":"https:\/\/sp174.waw.pl\/?p=2170","title":{"rendered":"30 LAT. SZKO\u0141A PODSTAWOWA NR 174 Z ODDZIA\u0141AMI INTEGRACYJNYMI IM. TADEUSZA KO\u015aCIUSZKI"},"content":{"rendered":"<p>To ju\u017c trzydzie\u015bci lat istnienia Szko\u0142y Podstawowej nr 174 z Oddzia\u0142ami Integracyjnymi im. Tadeusza Ko\u015bciuszki. Tyle lat trwa ju\u017c nasza podr\u00f3\u017c. Przez ten czas wypu\u015bcili\u015bmy spod naszych skrzyde\u0142 kilka tysi\u0119cy absolwent\u00f3w. Ka\u017cdemu z nich oddali\u015bmy ca\u0142e swoje serce, pokazywali\u015bmy im, \u017ce \u015bwiat stoi\u00a0 przed nimi otworem. Powtarzali\u015bmy im, \u017ce s\u0105 wspaniali, a my w nich wierzymy!<\/p>\n<p>Szko\u0142\u0119 Podstawow\u0105 nr 4 w Weso\u0142ej uroczy\u015bcie otworzono 31 sierpnia 1993 roku. 1 wrze\u015bnia 1993 roku szkolne drzwi otworzy\u0142a \u00f3wczesna dyrektor Pani <strong>Jolanta Ilewicz<\/strong>.\u00a0 Prawie 5 lat p\u00f3\u017aniej 29 maja 1998 roku nast\u0105pi\u0142o nadanie Szkole imienia Tadeusza Ko\u015bciuszki, a 29 stycznia 1999 roku uroczyste wr\u0119czenie Sztandaru od Rady Szko\u0142y. W 2004 roku Weso\u0142a przy\u0142\u0105czy\u0142a si\u0119 do Warszawy i od tego czasu Szko\u0142a ma nr 174. Od roku szkolnego 2005\/2006 w naszej szkole utworzono oddzia\u0142y integracyjne, kiedy dyrektorem szko\u0142y by\u0142a Pani <strong>Ewa Skolimowska<\/strong>. I tak jest do dzi\u015b. Pocz\u0105tkowo za\u0142o\u017cenia by\u0142y takie, \u017ce b\u0119dzie to lokalna plac\u00f3wka dla dzieci pracownik\u00f3w i \u017co\u0142nierzy miejscowej jednostki wojskowej. Czas pokaza\u0142 jednak, jak wiele zmieni\u0142o si\u0119 przez te wszystkie lata. Nie zostali\u015bmy na etapie lokalnej, osiedlowej szko\u0142y, ale zacz\u0119li\u015bmy si\u0119 rozrasta\u0107. Dzi\u015b jeste\u015bmy jedyn\u0105 szko\u0142\u0105 z klasami integracyjnymi w dzielnicy. Ucz\u0105 si\u0119 u nas nie tyko dzieci z dzielnicy, ale r\u00f3wnie\u017c z okolicznych dzielnic i miejscowo\u015bci. Sta\u0142o si\u0119 oczywiste, \u017ce szko\u0142a musi zosta\u0107 rozbudowana. Obecny dyrektor, Pan <strong>Pawe\u0142 Krajewski<\/strong>, przy ogromnym wsparciu w\u0142adz dzielnicy, doprowadzi\u0142 do tego, \u017ce mamy nowe, spe\u0142niaj\u0105ce europejskie standardy skrzyd\u0142o szko\u0142y, z kt\u00f3rego korzystaj\u0105 przede wszystkim uczniowie klas IV-VIII. Budowa naszej cz\u0119\u015bci rozpocz\u0119\u0142a si\u0119 w 2019 roku, a ju\u017c pod koniec 2021 roku zosta\u0142a przekazana do u\u017cytku uczniom i nauczycielom. Nasza szko\u0142a jest ma\u0142a i kameralna, a atmosfera w niej panuj\u0105ca jest przyjazna uczniowi. Posiadamy odpowiednio przygotowan\u0105 do pracy w oddzia\u0142ach integracyjnych kadr\u0119 pedagogiczn\u0105 oraz odpowiednie zaplecze dydaktyczne. Dzieci o zr\u00f3\u017cnicowanych mo\u017cliwo\u015bciach edukacyjnych znaj\u0105 tu w\u0142a\u015bciwe warunki do swojego rozwoju.<\/p>\n<p>Dnia <strong>24 marca 2023 <\/strong>r. odby\u0142a si\u0119 uroczysto\u015b\u0107 z okazji naszego jubileuszu, na kt\u00f3r\u0105 przybyli zaproszeni go\u015bcie <strong>Burmistrz\u00a0 Dzielnicy Weso\u0142a Marian Mahor <\/strong>wraz ze swoimi zast\u0119pcami <strong>Aleksandr\u0105 Paradowsk\u0105<\/strong> i <strong>Krzysztofem Kacprzakiem<\/strong> oraz inni zaproszeni go\u015bcie, przyjaciele szko\u0142y, rodzice. Podczas uroczysto\u015bci g\u0142os zabrali m.in. Radny <strong>Stefan S\u0142owikowski,<\/strong> kt\u00f3ry jest przyjacielem szko\u0142y od pocz\u0105tk\u00f3w jej istnienia, Burmistrz Marian Mahor oraz Dyrektor Szko\u0142y Pawe\u0142 Krajewski. Podczas uroczysto\u015bci uczniowie zaprezentowali przedstawienie zwi\u0105zane z patronem szko\u0142y oraz cz\u0119\u015b\u0107 artystyczn\u0105 z wyst\u0119pami uczni\u00f3w. Polonez Ko\u015bciuszki zako\u0144czy\u0142 cz\u0119\u015b\u0107 oficjaln\u0105. Z okazji jubileuszu szko\u0142y zaprezentowane zosta\u0142y prace plastyczne, stworzony zosta\u0142 film promuj\u0105cy szko\u0142\u0119, przygotowana gazetka szkolna z poezj\u0105 szkoln\u0105, a w wszystko z ogromnym zaanga\u017cowaniem naszych uczni\u00f3w i z pomoc\u0105 rodzic\u00f3w. Niezmiernie cieszy nas, \u017ce mogli\u015bmy podzieli\u0107 si\u0119 serdeczn\u0105 atmosfer\u0105 panuj\u0105c\u0105 w szkole, w kt\u00f3rej wszyscy stanowimy zgran\u0105 wsp\u00f3lnot\u0119. A naszej jubilatce \u2013 Szkole \u017cyczymy kolejnych wspania\u0142ych lat!<\/p>\n<p><em>Anna Marczuk<\/em><\/p>\n<p><em>Marta Patoka<\/em><\/p>\n<p><em>Marzena Delak<\/em><\/p>\n\n\n<figure class=\"wp-block-gallery has-nested-images columns-default is-cropped wp-block-gallery-1 is-layout-flex wp-block-gallery-is-layout-flex\">\n<figure class=\"wp-block-image size-large\"><img loading=\"lazy\" decoding=\"async\" width=\"1024\" height=\"683\" data-id=\"2171\" src=\"https:\/\/sp174.waw.pl\/wp-content\/uploads\/2023\/04\/334438858_657542149472885_2168955642231077266_n-1024x683.jpg\" alt=\"\" class=\"wp-image-2171\" srcset=\"https:\/\/sp174.waw.pl\/wp-content\/uploads\/2023\/04\/334438858_657542149472885_2168955642231077266_n-1024x683.jpg 1024w, https:\/\/sp174.waw.pl\/wp-content\/uploads\/2023\/04\/334438858_657542149472885_2168955642231077266_n-300x200.jpg 300w, https:\/\/sp174.waw.pl\/wp-content\/uploads\/2023\/04\/334438858_657542149472885_2168955642231077266_n-768x512.jpg 768w, https:\/\/sp174.waw.pl\/wp-content\/uploads\/2023\/04\/334438858_657542149472885_2168955642231077266_n-1536x1025.jpg 1536w, https:\/\/sp174.waw.pl\/wp-content\/uploads\/2023\/04\/334438858_657542149472885_2168955642231077266_n-1619x1080.jpg 1619w, https:\/\/sp174.waw.pl\/wp-content\/uploads\/2023\/04\/334438858_657542149472885_2168955642231077266_n.jpg 2048w\" sizes=\"auto, (max-width: 1024px) 100vw, 1024px\" \/><\/figure>\n\n\n\n<figure class=\"wp-block-image size-large\"><img loading=\"lazy\" decoding=\"async\" width=\"1024\" height=\"512\" data-id=\"2172\" src=\"https:\/\/sp174.waw.pl\/wp-content\/uploads\/2023\/04\/Collage-2023-04-07-13_26_24-1024x512.jpg\" alt=\"\" class=\"wp-image-2172\" srcset=\"https:\/\/sp174.waw.pl\/wp-content\/uploads\/2023\/04\/Collage-2023-04-07-13_26_24-1024x512.jpg 1024w, https:\/\/sp174.waw.pl\/wp-content\/uploads\/2023\/04\/Collage-2023-04-07-13_26_24-300x150.jpg 300w, https:\/\/sp174.waw.pl\/wp-content\/uploads\/2023\/04\/Collage-2023-04-07-13_26_24-768x384.jpg 768w, https:\/\/sp174.waw.pl\/wp-content\/uploads\/2023\/04\/Collage-2023-04-07-13_26_24-1536x768.jpg 1536w, https:\/\/sp174.waw.pl\/wp-content\/uploads\/2023\/04\/Collage-2023-04-07-13_26_24.jpg 1920w\" sizes=\"auto, (max-width: 1024px) 100vw, 1024px\" \/><\/figure>\n\n\n\n<figure class=\"wp-block-image size-large\"><img loading=\"lazy\" decoding=\"async\" width=\"1024\" height=\"512\" data-id=\"2173\" src=\"https:\/\/sp174.waw.pl\/wp-content\/uploads\/2023\/04\/Collage-2023-04-07-13_32_44-1024x512.jpg\" alt=\"\" class=\"wp-image-2173\" srcset=\"https:\/\/sp174.waw.pl\/wp-content\/uploads\/2023\/04\/Collage-2023-04-07-13_32_44-1024x512.jpg 1024w, https:\/\/sp174.waw.pl\/wp-content\/uploads\/2023\/04\/Collage-2023-04-07-13_32_44-300x150.jpg 300w, https:\/\/sp174.waw.pl\/wp-content\/uploads\/2023\/04\/Collage-2023-04-07-13_32_44-768x384.jpg 768w, https:\/\/sp174.waw.pl\/wp-content\/uploads\/2023\/04\/Collage-2023-04-07-13_32_44-1536x768.jpg 1536w, https:\/\/sp174.waw.pl\/wp-content\/uploads\/2023\/04\/Collage-2023-04-07-13_32_44.jpg 1920w\" sizes=\"auto, (max-width: 1024px) 100vw, 1024px\" \/><\/figure>\n<\/figure>\n","protected":false},"excerpt":{"rendered":"<p>To ju\u017c trzydzie\u015bci lat istnienia Szko\u0142y Podstawowej nr 174 z Oddzia\u0142ami Integracyjnymi im. Tadeusza Ko\u015bciuszki. Tyle lat trwa ju\u017c nasza podr\u00f3\u017c. Przez ten czas wypu\u015bcili\u015bmy spod naszych skrzyde\u0142 kilka tysi\u0119cy absolwent\u00f3w. Ka\u017cdemu z nich oddali\u015bmy ca\u0142e swoje serce, pokazywali\u015bmy im, \u017ce \u015bwiat stoi\u00a0 przed nimi otworem. Powtarzali\u015bmy im, \u017ce s\u0105 wspaniali, a my w nich&hellip; <br \/> <a class=\"read-more\" href=\"https:\/\/sp174.waw.pl\/?p=2170\">Czytaj dalej<\/a><\/p>\n","protected":false},"author":1,"featured_media":0,"comment_status":"closed","ping_status":"closed","sticky":false,"template":"","format":"standard","meta":{"footnotes":""},"categories":[1],"tags":[],"class_list":["post-2170","post","type-post","status-publish","format-standard","hentry","category-bez-kategorii"],"_links":{"self":[{"href":"https:\/\/sp174.waw.pl\/index.php?rest_route=\/wp\/v2\/posts\/2170","targetHints":{"allow":["GET"]}}],"collection":[{"href":"https:\/\/sp174.waw.pl\/index.php?rest_route=\/wp\/v2\/posts"}],"about":[{"href":"https:\/\/sp174.waw.pl\/index.php?rest_route=\/wp\/v2\/types\/post"}],"author":[{"embeddable":true,"href":"https:\/\/sp174.waw.pl\/index.php?rest_route=\/wp\/v2\/users\/1"}],"replies":[{"embeddable":true,"href":"https:\/\/sp174.waw.pl\/index.php?rest_route=%2Fwp%2Fv2%2Fcomments&post=2170"}],"version-history":[{"count":1,"href":"https:\/\/sp174.waw.pl\/index.php?rest_route=\/wp\/v2\/posts\/2170\/revisions"}],"predecessor-version":[{"id":2174,"href":"https:\/\/sp174.waw.pl\/index.php?rest_route=\/wp\/v2\/posts\/2170\/revisions\/2174"}],"wp:attachment":[{"href":"https:\/\/sp174.waw.pl\/index.php?rest_route=%2Fwp%2Fv2%2Fmedia&parent=2170"}],"wp:term":[{"taxonomy":"category","embeddable":true,"href":"https:\/\/sp174.waw.pl\/index.php?rest_route=%2Fwp%2Fv2%2Fcategories&post=2170"},{"taxonomy":"post_tag","embeddable":true,"href":"https:\/\/sp174.waw.pl\/index.php?rest_route=%2Fwp%2Fv2%2Ftags&post=2170"}],"curies":[{"name":"wp","href":"https:\/\/api.w.org\/{rel}","templated":true}]}}