{"id":2206,"date":"2023-04-19T20:01:24","date_gmt":"2023-04-19T18:01:24","guid":{"rendered":"http:\/\/sp174.waw.pl\/?p=2206"},"modified":"2023-04-19T20:01:25","modified_gmt":"2023-04-19T18:01:25","slug":"diana-reshetilowa-laureatka-miedzyszkolnego-jezykowego-konkursu-poezji-i-teatru-wers","status":"publish","type":"post","link":"https:\/\/sp174.waw.pl\/?p=2206","title":{"rendered":"Diana Reshetilowa laureatka Mi\u0119dzyszkolnego J\u0119zykowego Konkursu Poezji i Teatru Wers"},"content":{"rendered":"<p><strong>14.04.2023 uczennica naszej szko\u0142y Diana<\/strong> Reshetilowa (kl. 6b) odebra\u0142a dyplom laureata, kt\u00f3ry zdoby\u0142a w Mi\u0119dzyszkolnym J\u0119zykowym Konkursie Poezji i Teatru Wers \u201eWsp\u00f3lna Europa Razem na Scenie\u201d. Konkurs organizowany by\u0142 przez Szko\u0142\u0119 Podstawow\u0105 nr 211 z Oddzia\u0142ami Integracyjnymi im. Janusza Korczaka w Warszawie.<\/p>\n<p>Gratulujemy.<\/p>\n\n\n<figure class=\"wp-block-gallery has-nested-images columns-default is-cropped wp-block-gallery-1 is-layout-flex wp-block-gallery-is-layout-flex\">\n<figure class=\"wp-block-image size-large\"><img loading=\"lazy\" decoding=\"async\" width=\"576\" height=\"1024\" data-id=\"2207\" src=\"https:\/\/sp174.waw.pl\/wp-content\/uploads\/2023\/04\/341709500_138995282338549_6810285190436903778_n-576x1024.jpg\" alt=\"\" class=\"wp-image-2207\" srcset=\"https:\/\/sp174.waw.pl\/wp-content\/uploads\/2023\/04\/341709500_138995282338549_6810285190436903778_n-576x1024.jpg 576w, https:\/\/sp174.waw.pl\/wp-content\/uploads\/2023\/04\/341709500_138995282338549_6810285190436903778_n-169x300.jpg 169w, https:\/\/sp174.waw.pl\/wp-content\/uploads\/2023\/04\/341709500_138995282338549_6810285190436903778_n-768x1365.jpg 768w, https:\/\/sp174.waw.pl\/wp-content\/uploads\/2023\/04\/341709500_138995282338549_6810285190436903778_n-864x1536.jpg 864w, https:\/\/sp174.waw.pl\/wp-content\/uploads\/2023\/04\/341709500_138995282338549_6810285190436903778_n-608x1080.jpg 608w, https:\/\/sp174.waw.pl\/wp-content\/uploads\/2023\/04\/341709500_138995282338549_6810285190436903778_n.jpg 900w\" sizes=\"auto, (max-width: 576px) 100vw, 576px\" \/><\/figure>\n<\/figure>\n\n\n\n<figure class=\"wp-block-image size-large\"><img loading=\"lazy\" decoding=\"async\" width=\"768\" height=\"1024\" src=\"https:\/\/sp174.waw.pl\/wp-content\/uploads\/2023\/04\/341013558_1866529877080958_1760066554132255990_n-1-768x1024.jpg\" alt=\"\" class=\"wp-image-2209\" srcset=\"https:\/\/sp174.waw.pl\/wp-content\/uploads\/2023\/04\/341013558_1866529877080958_1760066554132255990_n-1-768x1024.jpg 768w, https:\/\/sp174.waw.pl\/wp-content\/uploads\/2023\/04\/341013558_1866529877080958_1760066554132255990_n-1-225x300.jpg 225w, https:\/\/sp174.waw.pl\/wp-content\/uploads\/2023\/04\/341013558_1866529877080958_1760066554132255990_n-1-1152x1536.jpg 1152w, https:\/\/sp174.waw.pl\/wp-content\/uploads\/2023\/04\/341013558_1866529877080958_1760066554132255990_n-1-1024x1365.jpg 1024w, https:\/\/sp174.waw.pl\/wp-content\/uploads\/2023\/04\/341013558_1866529877080958_1760066554132255990_n-1-810x1080.jpg 810w, https:\/\/sp174.waw.pl\/wp-content\/uploads\/2023\/04\/341013558_1866529877080958_1760066554132255990_n-1.jpg 1536w\" sizes=\"auto, (max-width: 768px) 100vw, 768px\" \/><\/figure>\n","protected":false},"excerpt":{"rendered":"<p>14.04.2023 uczennica naszej szko\u0142y Diana Reshetilowa (kl. 6b) odebra\u0142a dyplom laureata, kt\u00f3ry zdoby\u0142a w Mi\u0119dzyszkolnym J\u0119zykowym Konkursie Poezji i Teatru Wers \u201eWsp\u00f3lna Europa Razem na Scenie\u201d. Konkurs organizowany by\u0142 przez Szko\u0142\u0119 Podstawow\u0105 nr 211 z Oddzia\u0142ami Integracyjnymi im. Janusza Korczaka w Warszawie. Gratulujemy.<\/p>\n","protected":false},"author":1,"featured_media":0,"comment_status":"closed","ping_status":"closed","sticky":false,"template":"","format":"standard","meta":{"footnotes":""},"categories":[1],"tags":[],"class_list":["post-2206","post","type-post","status-publish","format-standard","hentry","category-bez-kategorii"],"_links":{"self":[{"href":"https:\/\/sp174.waw.pl\/index.php?rest_route=\/wp\/v2\/posts\/2206","targetHints":{"allow":["GET"]}}],"collection":[{"href":"https:\/\/sp174.waw.pl\/index.php?rest_route=\/wp\/v2\/posts"}],"about":[{"href":"https:\/\/sp174.waw.pl\/index.php?rest_route=\/wp\/v2\/types\/post"}],"author":[{"embeddable":true,"href":"https:\/\/sp174.waw.pl\/index.php?rest_route=\/wp\/v2\/users\/1"}],"replies":[{"embeddable":true,"href":"https:\/\/sp174.waw.pl\/index.php?rest_route=%2Fwp%2Fv2%2Fcomments&post=2206"}],"version-history":[{"count":1,"href":"https:\/\/sp174.waw.pl\/index.php?rest_route=\/wp\/v2\/posts\/2206\/revisions"}],"predecessor-version":[{"id":2210,"href":"https:\/\/sp174.waw.pl\/index.php?rest_route=\/wp\/v2\/posts\/2206\/revisions\/2210"}],"wp:attachment":[{"href":"https:\/\/sp174.waw.pl\/index.php?rest_route=%2Fwp%2Fv2%2Fmedia&parent=2206"}],"wp:term":[{"taxonomy":"category","embeddable":true,"href":"https:\/\/sp174.waw.pl\/index.php?rest_route=%2Fwp%2Fv2%2Fcategories&post=2206"},{"taxonomy":"post_tag","embeddable":true,"href":"https:\/\/sp174.waw.pl\/index.php?rest_route=%2Fwp%2Fv2%2Ftags&post=2206"}],"curies":[{"name":"wp","href":"https:\/\/api.w.org\/{rel}","templated":true}]}}