{"id":2324,"date":"2023-06-05T17:30:39","date_gmt":"2023-06-05T15:30:39","guid":{"rendered":"http:\/\/sp174.waw.pl\/?p=2324"},"modified":"2023-06-05T17:30:39","modified_gmt":"2023-06-05T15:30:39","slug":"wiem-co-jem-w-klasie-2b","status":"publish","type":"post","link":"https:\/\/sp174.waw.pl\/?p=2324","title":{"rendered":"WIEM CO JEM W KLASIE 2B"},"content":{"rendered":"<p>18 i 25 kwietnia 2023 r.\u00a0 uczniowie klas drugich wzi\u0119li udzia\u0142 w kampanii spo\u0142ecznej \u2013 Wiem co jem. Jest to program w kt\u00f3rym dzieci z warszawskich szk\u00f3\u0142 ucz\u0105 si\u0119, jak zdrowo je\u015b\u0107 i \u017cy\u0107.<\/p>\n<p>Edukatorzy poprowadzili zaj\u0119cia o tematyce: \u201ePoznajemy piramid\u0119 zdrowego \u017cywienia\u201d, \u201eAktywno\u015b\u0107 fizyczna to podstawa zdrowia\u201d oraz warsztaty kulinarne \u201eDobre \u015bniadanie w domu i w szkole\u201d. By\u0142y to bardzo ciekawe i aktywne zaj\u0119cia. Dzieci przekona\u0142y si\u0119, \u017ce zdrowe jedzenie mo\u017ce by\u0107 smaczne i kolorowe. Przekona\u0142y si\u0119 r\u00f3wnie\u017c, jak wa\u017cne s\u0105 \u015bwiadome wybory \u017cywieniowe.<\/p>\n<p><em>Marzena Delak<\/em><\/p>\n<p><br \/><br \/><\/p>\n\n\n<figure class=\"wp-block-gallery has-nested-images columns-default is-cropped wp-block-gallery-1 is-layout-flex wp-block-gallery-is-layout-flex\">\n<figure class=\"wp-block-image size-large\"><img loading=\"lazy\" decoding=\"async\" width=\"1024\" height=\"512\" data-id=\"2325\" src=\"https:\/\/sp174.waw.pl\/wp-content\/uploads\/2023\/06\/Collage-2023-06-04-22_16_14-1024x512.jpg\" alt=\"\" class=\"wp-image-2325\" srcset=\"https:\/\/sp174.waw.pl\/wp-content\/uploads\/2023\/06\/Collage-2023-06-04-22_16_14-1024x512.jpg 1024w, https:\/\/sp174.waw.pl\/wp-content\/uploads\/2023\/06\/Collage-2023-06-04-22_16_14-300x150.jpg 300w, https:\/\/sp174.waw.pl\/wp-content\/uploads\/2023\/06\/Collage-2023-06-04-22_16_14-768x384.jpg 768w, https:\/\/sp174.waw.pl\/wp-content\/uploads\/2023\/06\/Collage-2023-06-04-22_16_14-1536x768.jpg 1536w, https:\/\/sp174.waw.pl\/wp-content\/uploads\/2023\/06\/Collage-2023-06-04-22_16_14.jpg 1920w\" sizes=\"auto, (max-width: 1024px) 100vw, 1024px\" \/><\/figure>\n<\/figure>\n","protected":false},"excerpt":{"rendered":"<p>18 i 25 kwietnia 2023 r.\u00a0 uczniowie klas drugich wzi\u0119li udzia\u0142 w kampanii spo\u0142ecznej \u2013 Wiem co jem. Jest to program w kt\u00f3rym dzieci z warszawskich szk\u00f3\u0142 ucz\u0105 si\u0119, jak zdrowo je\u015b\u0107 i \u017cy\u0107. Edukatorzy poprowadzili zaj\u0119cia o tematyce: \u201ePoznajemy piramid\u0119 zdrowego \u017cywienia\u201d, \u201eAktywno\u015b\u0107 fizyczna to podstawa zdrowia\u201d oraz warsztaty kulinarne \u201eDobre \u015bniadanie w domu&hellip; <br \/> <a class=\"read-more\" href=\"https:\/\/sp174.waw.pl\/?p=2324\">Czytaj dalej<\/a><\/p>\n","protected":false},"author":1,"featured_media":0,"comment_status":"closed","ping_status":"","sticky":false,"template":"","format":"standard","meta":{"footnotes":""},"categories":[1],"tags":[],"class_list":["post-2324","post","type-post","status-publish","format-standard","hentry","category-bez-kategorii"],"_links":{"self":[{"href":"https:\/\/sp174.waw.pl\/index.php?rest_route=\/wp\/v2\/posts\/2324","targetHints":{"allow":["GET"]}}],"collection":[{"href":"https:\/\/sp174.waw.pl\/index.php?rest_route=\/wp\/v2\/posts"}],"about":[{"href":"https:\/\/sp174.waw.pl\/index.php?rest_route=\/wp\/v2\/types\/post"}],"author":[{"embeddable":true,"href":"https:\/\/sp174.waw.pl\/index.php?rest_route=\/wp\/v2\/users\/1"}],"replies":[{"embeddable":true,"href":"https:\/\/sp174.waw.pl\/index.php?rest_route=%2Fwp%2Fv2%2Fcomments&post=2324"}],"version-history":[{"count":1,"href":"https:\/\/sp174.waw.pl\/index.php?rest_route=\/wp\/v2\/posts\/2324\/revisions"}],"predecessor-version":[{"id":2326,"href":"https:\/\/sp174.waw.pl\/index.php?rest_route=\/wp\/v2\/posts\/2324\/revisions\/2326"}],"wp:attachment":[{"href":"https:\/\/sp174.waw.pl\/index.php?rest_route=%2Fwp%2Fv2%2Fmedia&parent=2324"}],"wp:term":[{"taxonomy":"category","embeddable":true,"href":"https:\/\/sp174.waw.pl\/index.php?rest_route=%2Fwp%2Fv2%2Fcategories&post=2324"},{"taxonomy":"post_tag","embeddable":true,"href":"https:\/\/sp174.waw.pl\/index.php?rest_route=%2Fwp%2Fv2%2Ftags&post=2324"}],"curies":[{"name":"wp","href":"https:\/\/api.w.org\/{rel}","templated":true}]}}