{"id":2327,"date":"2023-06-05T17:34:24","date_gmt":"2023-06-05T15:34:24","guid":{"rendered":"http:\/\/sp174.waw.pl\/?p=2327"},"modified":"2023-06-05T17:34:25","modified_gmt":"2023-06-05T15:34:25","slug":"koncert-zaczarowany-swiat-musicali","status":"publish","type":"post","link":"https:\/\/sp174.waw.pl\/?p=2327","title":{"rendered":"KONCERT \u2013 ZACZAROWANY \u015aWIAT MUSICALI"},"content":{"rendered":"<p class=\"Standard\" style=\"text-align: justify; text-justify: inter-ideograph;\">Dnia 22 maja 2023 r. w naszej szkole odby\u0142 si\u0119 koncert pt. \u201eZaczarowany \u015bwiat musicali\u201d. By\u0142 to utrzymany w pogodnym nastroju koncert, w kt\u00f3rym wykonane zosta\u0142y znane arie z musicali i operetek. Wszystkie utwory arty\u015bci za\u015bpiewali w kostiumach, w jakich zazwyczaj podziwiamy ich na scenie. W koncercie wzi\u0119\u0142o udzia\u0142 troje \u015bpiewak\u00f3w (sopran, tenor i bas) oraz pianista.<\/p>\n\n\n<figure class=\"wp-block-image size-large\"><img loading=\"lazy\" decoding=\"async\" width=\"1024\" height=\"1024\" src=\"https:\/\/sp174.waw.pl\/wp-content\/uploads\/2023\/06\/351049638_1040797163565066_209569703395766907_n-1024x1024.jpg\" alt=\"\" class=\"wp-image-2328\" srcset=\"https:\/\/sp174.waw.pl\/wp-content\/uploads\/2023\/06\/351049638_1040797163565066_209569703395766907_n-1024x1024.jpg 1024w, https:\/\/sp174.waw.pl\/wp-content\/uploads\/2023\/06\/351049638_1040797163565066_209569703395766907_n-300x300.jpg 300w, https:\/\/sp174.waw.pl\/wp-content\/uploads\/2023\/06\/351049638_1040797163565066_209569703395766907_n-150x150.jpg 150w, https:\/\/sp174.waw.pl\/wp-content\/uploads\/2023\/06\/351049638_1040797163565066_209569703395766907_n-768x768.jpg 768w, https:\/\/sp174.waw.pl\/wp-content\/uploads\/2023\/06\/351049638_1040797163565066_209569703395766907_n-400x400.jpg 400w, https:\/\/sp174.waw.pl\/wp-content\/uploads\/2023\/06\/351049638_1040797163565066_209569703395766907_n-1080x1080.jpg 1080w, https:\/\/sp174.waw.pl\/wp-content\/uploads\/2023\/06\/351049638_1040797163565066_209569703395766907_n.jpg 1170w\" sizes=\"auto, (max-width: 1024px) 100vw, 1024px\" \/><\/figure>\n","protected":false},"excerpt":{"rendered":"<p>Dnia 22 maja 2023 r. w naszej szkole odby\u0142 si\u0119 koncert pt. \u201eZaczarowany \u015bwiat musicali\u201d. By\u0142 to utrzymany w pogodnym nastroju koncert, w kt\u00f3rym wykonane zosta\u0142y znane arie z musicali i operetek. Wszystkie utwory arty\u015bci za\u015bpiewali w kostiumach, w jakich zazwyczaj podziwiamy ich na scenie. W koncercie wzi\u0119\u0142o udzia\u0142 troje \u015bpiewak\u00f3w (sopran, tenor i bas)&hellip; <br \/> <a class=\"read-more\" href=\"https:\/\/sp174.waw.pl\/?p=2327\">Czytaj dalej<\/a><\/p>\n","protected":false},"author":1,"featured_media":0,"comment_status":"closed","ping_status":"closed","sticky":false,"template":"","format":"standard","meta":{"footnotes":""},"categories":[1],"tags":[],"class_list":["post-2327","post","type-post","status-publish","format-standard","hentry","category-bez-kategorii"],"_links":{"self":[{"href":"https:\/\/sp174.waw.pl\/index.php?rest_route=\/wp\/v2\/posts\/2327","targetHints":{"allow":["GET"]}}],"collection":[{"href":"https:\/\/sp174.waw.pl\/index.php?rest_route=\/wp\/v2\/posts"}],"about":[{"href":"https:\/\/sp174.waw.pl\/index.php?rest_route=\/wp\/v2\/types\/post"}],"author":[{"embeddable":true,"href":"https:\/\/sp174.waw.pl\/index.php?rest_route=\/wp\/v2\/users\/1"}],"replies":[{"embeddable":true,"href":"https:\/\/sp174.waw.pl\/index.php?rest_route=%2Fwp%2Fv2%2Fcomments&post=2327"}],"version-history":[{"count":1,"href":"https:\/\/sp174.waw.pl\/index.php?rest_route=\/wp\/v2\/posts\/2327\/revisions"}],"predecessor-version":[{"id":2329,"href":"https:\/\/sp174.waw.pl\/index.php?rest_route=\/wp\/v2\/posts\/2327\/revisions\/2329"}],"wp:attachment":[{"href":"https:\/\/sp174.waw.pl\/index.php?rest_route=%2Fwp%2Fv2%2Fmedia&parent=2327"}],"wp:term":[{"taxonomy":"category","embeddable":true,"href":"https:\/\/sp174.waw.pl\/index.php?rest_route=%2Fwp%2Fv2%2Fcategories&post=2327"},{"taxonomy":"post_tag","embeddable":true,"href":"https:\/\/sp174.waw.pl\/index.php?rest_route=%2Fwp%2Fv2%2Ftags&post=2327"}],"curies":[{"name":"wp","href":"https:\/\/api.w.org\/{rel}","templated":true}]}}