{"id":2330,"date":"2023-06-05T17:35:48","date_gmt":"2023-06-05T15:35:48","guid":{"rendered":"http:\/\/sp174.waw.pl\/?p=2330"},"modified":"2023-06-05T17:35:49","modified_gmt":"2023-06-05T15:35:49","slug":"piknik-szkolny","status":"publish","type":"post","link":"https:\/\/sp174.waw.pl\/?p=2330","title":{"rendered":"PIKNIK SZKOLNY"},"content":{"rendered":"<p>Na ten dzie\u0144 czekali wszyscy uczniowie. Dnia 27 maja 2023 r. odby\u0142 si\u0119 Piknik Szkolny z okazji Dnia Dziecka. Ca\u0142a spo\u0142eczno\u015b\u0107 szkolna w\u0142o\u017cy\u0142a wiele wysi\u0142ku aby ten dzie\u0144 by\u0142 wyj\u0105tkowy. Rada Rodzic\u00f3w i nauczyciele zadbali o wiele atrakcji i przyjemno\u015bci dla wszystkich przyby\u0142ych w tym dniu go\u015bci. By\u0142y r\u00f3wnie\u017c \u017cyczenia dla mam i wyst\u0119pny na scenie. Siostra Agnieszka zadba\u0142a o ta\u0144ce integracyjne oraz poprowadzi\u0142a licytacje. Animatorzy ze Sport Team poprowadzili animacje sportowe takie jak kacze wy\u015bcigi, kr\u0119gle 3D, strzelanie z \u0142uku i wiele innych. Dzieci mog\u0142y wyszale\u0107 si\u0119 na dmuchanym placu zabaw.\u00a0 Sportowe atrakcje zapewni\u0142 te\u017c klub squasha z Goc\u0142awia. Dzieci mog\u0142y puszcza\u0107 ogromne ba\u0144ki mydlane, gra\u0107 w szachy plenerowe, zrobi\u0107 sobie tatua\u017c, kolorowe warkoczyki czy pomalowa\u0107 buzi\u0119. Atrakcj\u0105 by\u0142 r\u00f3wnie\u017c w\u00f3z Stra\u017cy Po\u017carnej. Du\u017cym zainteresowaniem cieszy\u0142y si\u0119 warsztaty mydlarskie, malowanie ekologicznych torebek, tworzenie magnes\u00f3w i bi\u017cuterii. Loteria fantowa przyci\u0105gn\u0119\u0142a wielu ch\u0119tnych. Mo\u017cna by\u0142o zrobi\u0107 sobie profesjonalne zdj\u0119cia czy wykona\u0107 kosmetyczne zabiegi przy stanowisku kosmetycznym. Opr\u00f3cz tego mo\u017cna by\u0142o zje\u015b\u0107 przy stoliku przepyszne ciasta upieczone przez nasze mamy czy smako\u0142yki z grilla. W tym dniu RR zbiera\u0142a \u015brodki na potrzeby dzieci z naszej szko\u0142y. To by\u0142 naprawd\u0119 mi\u0142y dzie\u0144. Dopisa\u0142a nam pogoda i dobre humory. Po raz kolejny przekonali\u015bmy si\u0119 jak dobrze by\u0107 razem!<\/p>\n<p><em>Marzena Delak<\/em><\/p>\n\n\n<figure class=\"wp-block-gallery has-nested-images columns-default is-cropped wp-block-gallery-1 is-layout-flex wp-block-gallery-is-layout-flex\">\n<figure class=\"wp-block-image size-large\"><img loading=\"lazy\" decoding=\"async\" width=\"1024\" height=\"512\" data-id=\"2331\" src=\"https:\/\/sp174.waw.pl\/wp-content\/uploads\/2023\/06\/Collage-2023-06-04-23_55_30-1024x512.jpg\" alt=\"\" class=\"wp-image-2331\" srcset=\"https:\/\/sp174.waw.pl\/wp-content\/uploads\/2023\/06\/Collage-2023-06-04-23_55_30-1024x512.jpg 1024w, https:\/\/sp174.waw.pl\/wp-content\/uploads\/2023\/06\/Collage-2023-06-04-23_55_30-300x150.jpg 300w, https:\/\/sp174.waw.pl\/wp-content\/uploads\/2023\/06\/Collage-2023-06-04-23_55_30-768x384.jpg 768w, https:\/\/sp174.waw.pl\/wp-content\/uploads\/2023\/06\/Collage-2023-06-04-23_55_30-1536x768.jpg 1536w, https:\/\/sp174.waw.pl\/wp-content\/uploads\/2023\/06\/Collage-2023-06-04-23_55_30.jpg 1920w\" sizes=\"auto, (max-width: 1024px) 100vw, 1024px\" \/><\/figure>\n\n\n\n<figure class=\"wp-block-image size-large\"><img loading=\"lazy\" decoding=\"async\" width=\"1024\" height=\"512\" data-id=\"2332\" src=\"https:\/\/sp174.waw.pl\/wp-content\/uploads\/2023\/06\/Collage-2023-06-05-00_03_56-1024x512.jpg\" alt=\"\" class=\"wp-image-2332\" srcset=\"https:\/\/sp174.waw.pl\/wp-content\/uploads\/2023\/06\/Collage-2023-06-05-00_03_56-1024x512.jpg 1024w, https:\/\/sp174.waw.pl\/wp-content\/uploads\/2023\/06\/Collage-2023-06-05-00_03_56-300x150.jpg 300w, https:\/\/sp174.waw.pl\/wp-content\/uploads\/2023\/06\/Collage-2023-06-05-00_03_56-768x384.jpg 768w, https:\/\/sp174.waw.pl\/wp-content\/uploads\/2023\/06\/Collage-2023-06-05-00_03_56-1536x768.jpg 1536w, https:\/\/sp174.waw.pl\/wp-content\/uploads\/2023\/06\/Collage-2023-06-05-00_03_56.jpg 1920w\" sizes=\"auto, (max-width: 1024px) 100vw, 1024px\" \/><\/figure>\n<\/figure>\n","protected":false},"excerpt":{"rendered":"<p>Na ten dzie\u0144 czekali wszyscy uczniowie. Dnia 27 maja 2023 r. odby\u0142 si\u0119 Piknik Szkolny z okazji Dnia Dziecka. Ca\u0142a spo\u0142eczno\u015b\u0107 szkolna w\u0142o\u017cy\u0142a wiele wysi\u0142ku aby ten dzie\u0144 by\u0142 wyj\u0105tkowy. Rada Rodzic\u00f3w i nauczyciele zadbali o wiele atrakcji i przyjemno\u015bci dla wszystkich przyby\u0142ych w tym dniu go\u015bci. By\u0142y r\u00f3wnie\u017c \u017cyczenia dla mam i wyst\u0119pny na&hellip; <br \/> <a class=\"read-more\" href=\"https:\/\/sp174.waw.pl\/?p=2330\">Czytaj dalej<\/a><\/p>\n","protected":false},"author":1,"featured_media":0,"comment_status":"closed","ping_status":"closed","sticky":false,"template":"","format":"standard","meta":{"footnotes":""},"categories":[1],"tags":[],"class_list":["post-2330","post","type-post","status-publish","format-standard","hentry","category-bez-kategorii"],"_links":{"self":[{"href":"https:\/\/sp174.waw.pl\/index.php?rest_route=\/wp\/v2\/posts\/2330","targetHints":{"allow":["GET"]}}],"collection":[{"href":"https:\/\/sp174.waw.pl\/index.php?rest_route=\/wp\/v2\/posts"}],"about":[{"href":"https:\/\/sp174.waw.pl\/index.php?rest_route=\/wp\/v2\/types\/post"}],"author":[{"embeddable":true,"href":"https:\/\/sp174.waw.pl\/index.php?rest_route=\/wp\/v2\/users\/1"}],"replies":[{"embeddable":true,"href":"https:\/\/sp174.waw.pl\/index.php?rest_route=%2Fwp%2Fv2%2Fcomments&post=2330"}],"version-history":[{"count":1,"href":"https:\/\/sp174.waw.pl\/index.php?rest_route=\/wp\/v2\/posts\/2330\/revisions"}],"predecessor-version":[{"id":2333,"href":"https:\/\/sp174.waw.pl\/index.php?rest_route=\/wp\/v2\/posts\/2330\/revisions\/2333"}],"wp:attachment":[{"href":"https:\/\/sp174.waw.pl\/index.php?rest_route=%2Fwp%2Fv2%2Fmedia&parent=2330"}],"wp:term":[{"taxonomy":"category","embeddable":true,"href":"https:\/\/sp174.waw.pl\/index.php?rest_route=%2Fwp%2Fv2%2Fcategories&post=2330"},{"taxonomy":"post_tag","embeddable":true,"href":"https:\/\/sp174.waw.pl\/index.php?rest_route=%2Fwp%2Fv2%2Ftags&post=2330"}],"curies":[{"name":"wp","href":"https:\/\/api.w.org\/{rel}","templated":true}]}}