{"id":2339,"date":"2023-06-12T08:40:00","date_gmt":"2023-06-12T06:40:00","guid":{"rendered":"https:\/\/sp174.waw.pl\/?p=2339"},"modified":"2023-07-06T08:43:10","modified_gmt":"2023-07-06T06:43:10","slug":"klasy-2a-i-2b-na-zajeciach-ze-straza-miejska","status":"publish","type":"post","link":"https:\/\/sp174.waw.pl\/?p=2339","title":{"rendered":"KLASY 2A I 2B NA ZAJ\u0118CIACH ZE STRA\u017b\u0104 MIEJSK\u0104"},"content":{"rendered":"<p>Dnia 12 czerwca 2023 r. uczniowie klas drugich uczestniczyli w zaj\u0119ciach profilaktycznych prowadzonych przez Stra\u017c Miejsk\u0105. Tym razem spotkanie dotyczy\u0142o radzenia sobie z emocjami jakimi s\u0105 strach i z\u0142o\u015b\u0107. Serdecznie dzi\u0119kujemy za zaj\u0119cia.<br \/>Marzena Delak<\/p>\n\n\n<figure class=\"wp-block-gallery has-nested-images columns-default is-cropped wp-block-gallery-1 is-layout-flex wp-block-gallery-is-layout-flex\">\n<figure class=\"wp-block-image size-large\"><img loading=\"lazy\" decoding=\"async\" width=\"1024\" height=\"768\" data-id=\"2340\" src=\"https:\/\/sp174.waw.pl\/wp-content\/uploads\/2023\/07\/IMG_3500-1024x768.jpeg\" alt=\"\" class=\"wp-image-2340\" srcset=\"https:\/\/sp174.waw.pl\/wp-content\/uploads\/2023\/07\/IMG_3500-1024x768.jpeg 1024w, https:\/\/sp174.waw.pl\/wp-content\/uploads\/2023\/07\/IMG_3500-300x225.jpeg 300w, https:\/\/sp174.waw.pl\/wp-content\/uploads\/2023\/07\/IMG_3500-768x576.jpeg 768w, https:\/\/sp174.waw.pl\/wp-content\/uploads\/2023\/07\/IMG_3500-1536x1152.jpeg 1536w, https:\/\/sp174.waw.pl\/wp-content\/uploads\/2023\/07\/IMG_3500-1440x1080.jpeg 1440w, https:\/\/sp174.waw.pl\/wp-content\/uploads\/2023\/07\/IMG_3500.jpeg 2048w\" sizes=\"auto, (max-width: 1024px) 100vw, 1024px\" \/><\/figure>\n\n\n\n<figure class=\"wp-block-image size-large\"><img loading=\"lazy\" decoding=\"async\" width=\"840\" height=\"1024\" data-id=\"2341\" src=\"https:\/\/sp174.waw.pl\/wp-content\/uploads\/2023\/07\/tarcza_straz_miejska_kolor_cmyk-840x1024.png\" alt=\"\" class=\"wp-image-2341\" srcset=\"https:\/\/sp174.waw.pl\/wp-content\/uploads\/2023\/07\/tarcza_straz_miejska_kolor_cmyk-840x1024.png 840w, https:\/\/sp174.waw.pl\/wp-content\/uploads\/2023\/07\/tarcza_straz_miejska_kolor_cmyk-246x300.png 246w, https:\/\/sp174.waw.pl\/wp-content\/uploads\/2023\/07\/tarcza_straz_miejska_kolor_cmyk-768x936.png 768w, https:\/\/sp174.waw.pl\/wp-content\/uploads\/2023\/07\/tarcza_straz_miejska_kolor_cmyk-1024x1248.png 1024w, https:\/\/sp174.waw.pl\/wp-content\/uploads\/2023\/07\/tarcza_straz_miejska_kolor_cmyk-886x1080.png 886w, https:\/\/sp174.waw.pl\/wp-content\/uploads\/2023\/07\/tarcza_straz_miejska_kolor_cmyk.png 1173w\" sizes=\"auto, (max-width: 840px) 100vw, 840px\" \/><\/figure>\n<\/figure>\n","protected":false},"excerpt":{"rendered":"<p>Dnia 12 czerwca 2023 r. uczniowie klas drugich uczestniczyli w zaj\u0119ciach profilaktycznych prowadzonych przez Stra\u017c Miejsk\u0105. Tym razem spotkanie dotyczy\u0142o radzenia sobie z emocjami jakimi s\u0105 strach i z\u0142o\u015b\u0107. Serdecznie dzi\u0119kujemy za zaj\u0119cia.Marzena Delak<\/p>\n","protected":false},"author":1,"featured_media":0,"comment_status":"closed","ping_status":"","sticky":false,"template":"","format":"standard","meta":{"footnotes":""},"categories":[1],"tags":[],"class_list":["post-2339","post","type-post","status-publish","format-standard","hentry","category-bez-kategorii"],"_links":{"self":[{"href":"https:\/\/sp174.waw.pl\/index.php?rest_route=\/wp\/v2\/posts\/2339","targetHints":{"allow":["GET"]}}],"collection":[{"href":"https:\/\/sp174.waw.pl\/index.php?rest_route=\/wp\/v2\/posts"}],"about":[{"href":"https:\/\/sp174.waw.pl\/index.php?rest_route=\/wp\/v2\/types\/post"}],"author":[{"embeddable":true,"href":"https:\/\/sp174.waw.pl\/index.php?rest_route=\/wp\/v2\/users\/1"}],"replies":[{"embeddable":true,"href":"https:\/\/sp174.waw.pl\/index.php?rest_route=%2Fwp%2Fv2%2Fcomments&post=2339"}],"version-history":[{"count":1,"href":"https:\/\/sp174.waw.pl\/index.php?rest_route=\/wp\/v2\/posts\/2339\/revisions"}],"predecessor-version":[{"id":2342,"href":"https:\/\/sp174.waw.pl\/index.php?rest_route=\/wp\/v2\/posts\/2339\/revisions\/2342"}],"wp:attachment":[{"href":"https:\/\/sp174.waw.pl\/index.php?rest_route=%2Fwp%2Fv2%2Fmedia&parent=2339"}],"wp:term":[{"taxonomy":"category","embeddable":true,"href":"https:\/\/sp174.waw.pl\/index.php?rest_route=%2Fwp%2Fv2%2Fcategories&post=2339"},{"taxonomy":"post_tag","embeddable":true,"href":"https:\/\/sp174.waw.pl\/index.php?rest_route=%2Fwp%2Fv2%2Ftags&post=2339"}],"curies":[{"name":"wp","href":"https:\/\/api.w.org\/{rel}","templated":true}]}}