{"id":2346,"date":"2023-06-20T08:47:00","date_gmt":"2023-06-20T06:47:00","guid":{"rendered":"https:\/\/sp174.waw.pl\/?p=2346"},"modified":"2023-07-06T08:48:01","modified_gmt":"2023-07-06T06:48:01","slug":"wycieczka-do-sierpca-klasy-1b-2b-2a","status":"publish","type":"post","link":"https:\/\/sp174.waw.pl\/?p=2346","title":{"rendered":"WYCIECZKA DO SIERPCA-KLASY 1B, 2B, 2A"},"content":{"rendered":"<p>Dnia 20 czerwca 2023 r. uczniowie klasy 1b, 2b i 2a wybrali si\u0119 na wycieczk\u0119 do Muzeum Wsi Mazowieckiej do Sierpca. Zacz\u0119li\u015bmy od zaj\u0119\u0107 na temat \u017cycia dzieci w rodzinie wiejskiej oraz warsztat\u00f3w robienia lalek motanek. P\u00f3\u017aniej mogli\u015bmy przejecha\u0107 si\u0119 wozem konnym po terenie skansenu. Oczywi\u015bcie wraz z przewodnikami odkrywali\u015bmy tajniki \u017cycia na wsi zwiedzaj\u0105c teren skansenu. By\u0142 czas na smaczny obiad i pami\u0105tki. Cho\u0107 wycieczka zaj\u0119\u0142a nam ca\u0142y dzie\u0144, to dzieci wr\u00f3ci\u0142y zadowolone i bogatsze o wiedz\u0119 na temat \u017cycia na mazowieckiej wsi na pocz\u0105tku XX wieku. <br \/>Marzena Delak<\/p>\n\n\n<figure class=\"wp-block-gallery has-nested-images columns-default is-cropped wp-block-gallery-1 is-layout-flex wp-block-gallery-is-layout-flex\">\n<figure class=\"wp-block-image size-large\"><img loading=\"lazy\" decoding=\"async\" width=\"1024\" height=\"512\" data-id=\"2347\" src=\"https:\/\/sp174.waw.pl\/wp-content\/uploads\/2023\/07\/Collage-2023-06-29-14_36_46-1024x512.jpg\" alt=\"\" class=\"wp-image-2347\" srcset=\"https:\/\/sp174.waw.pl\/wp-content\/uploads\/2023\/07\/Collage-2023-06-29-14_36_46-1024x512.jpg 1024w, https:\/\/sp174.waw.pl\/wp-content\/uploads\/2023\/07\/Collage-2023-06-29-14_36_46-300x150.jpg 300w, https:\/\/sp174.waw.pl\/wp-content\/uploads\/2023\/07\/Collage-2023-06-29-14_36_46-768x384.jpg 768w, https:\/\/sp174.waw.pl\/wp-content\/uploads\/2023\/07\/Collage-2023-06-29-14_36_46-1536x768.jpg 1536w, https:\/\/sp174.waw.pl\/wp-content\/uploads\/2023\/07\/Collage-2023-06-29-14_36_46.jpg 1920w\" sizes=\"auto, (max-width: 1024px) 100vw, 1024px\" \/><\/figure>\n\n\n\n<figure class=\"wp-block-image size-large\"><img loading=\"lazy\" decoding=\"async\" width=\"1024\" height=\"512\" data-id=\"2349\" src=\"https:\/\/sp174.waw.pl\/wp-content\/uploads\/2023\/07\/Collage-2023-06-29-14_40_20-1024x512.jpg\" alt=\"\" class=\"wp-image-2349\" srcset=\"https:\/\/sp174.waw.pl\/wp-content\/uploads\/2023\/07\/Collage-2023-06-29-14_40_20-1024x512.jpg 1024w, https:\/\/sp174.waw.pl\/wp-content\/uploads\/2023\/07\/Collage-2023-06-29-14_40_20-300x150.jpg 300w, https:\/\/sp174.waw.pl\/wp-content\/uploads\/2023\/07\/Collage-2023-06-29-14_40_20-768x384.jpg 768w, https:\/\/sp174.waw.pl\/wp-content\/uploads\/2023\/07\/Collage-2023-06-29-14_40_20-1536x768.jpg 1536w, https:\/\/sp174.waw.pl\/wp-content\/uploads\/2023\/07\/Collage-2023-06-29-14_40_20.jpg 1920w\" sizes=\"auto, (max-width: 1024px) 100vw, 1024px\" \/><\/figure>\n\n\n\n<figure class=\"wp-block-image size-large\"><img loading=\"lazy\" decoding=\"async\" width=\"1024\" height=\"512\" data-id=\"2348\" src=\"https:\/\/sp174.waw.pl\/wp-content\/uploads\/2023\/07\/Collage-2023-06-29-14_43_28-1024x512.jpg\" alt=\"\" class=\"wp-image-2348\" srcset=\"https:\/\/sp174.waw.pl\/wp-content\/uploads\/2023\/07\/Collage-2023-06-29-14_43_28-1024x512.jpg 1024w, https:\/\/sp174.waw.pl\/wp-content\/uploads\/2023\/07\/Collage-2023-06-29-14_43_28-300x150.jpg 300w, https:\/\/sp174.waw.pl\/wp-content\/uploads\/2023\/07\/Collage-2023-06-29-14_43_28-768x384.jpg 768w, https:\/\/sp174.waw.pl\/wp-content\/uploads\/2023\/07\/Collage-2023-06-29-14_43_28-1536x768.jpg 1536w, https:\/\/sp174.waw.pl\/wp-content\/uploads\/2023\/07\/Collage-2023-06-29-14_43_28.jpg 1920w\" sizes=\"auto, (max-width: 1024px) 100vw, 1024px\" \/><\/figure>\n<\/figure>\n","protected":false},"excerpt":{"rendered":"<p>Dnia 20 czerwca 2023 r. uczniowie klasy 1b, 2b i 2a wybrali si\u0119 na wycieczk\u0119 do Muzeum Wsi Mazowieckiej do Sierpca. Zacz\u0119li\u015bmy od zaj\u0119\u0107 na temat \u017cycia dzieci w rodzinie wiejskiej oraz warsztat\u00f3w robienia lalek motanek. P\u00f3\u017aniej mogli\u015bmy przejecha\u0107 si\u0119 wozem konnym po terenie skansenu. Oczywi\u015bcie wraz z przewodnikami odkrywali\u015bmy tajniki \u017cycia na wsi zwiedzaj\u0105c&hellip; <br \/> <a class=\"read-more\" href=\"https:\/\/sp174.waw.pl\/?p=2346\">Czytaj dalej<\/a><\/p>\n","protected":false},"author":1,"featured_media":0,"comment_status":"closed","ping_status":"closed","sticky":false,"template":"","format":"standard","meta":{"footnotes":""},"categories":[1],"tags":[],"class_list":["post-2346","post","type-post","status-publish","format-standard","hentry","category-bez-kategorii"],"_links":{"self":[{"href":"https:\/\/sp174.waw.pl\/index.php?rest_route=\/wp\/v2\/posts\/2346","targetHints":{"allow":["GET"]}}],"collection":[{"href":"https:\/\/sp174.waw.pl\/index.php?rest_route=\/wp\/v2\/posts"}],"about":[{"href":"https:\/\/sp174.waw.pl\/index.php?rest_route=\/wp\/v2\/types\/post"}],"author":[{"embeddable":true,"href":"https:\/\/sp174.waw.pl\/index.php?rest_route=\/wp\/v2\/users\/1"}],"replies":[{"embeddable":true,"href":"https:\/\/sp174.waw.pl\/index.php?rest_route=%2Fwp%2Fv2%2Fcomments&post=2346"}],"version-history":[{"count":1,"href":"https:\/\/sp174.waw.pl\/index.php?rest_route=\/wp\/v2\/posts\/2346\/revisions"}],"predecessor-version":[{"id":2350,"href":"https:\/\/sp174.waw.pl\/index.php?rest_route=\/wp\/v2\/posts\/2346\/revisions\/2350"}],"wp:attachment":[{"href":"https:\/\/sp174.waw.pl\/index.php?rest_route=%2Fwp%2Fv2%2Fmedia&parent=2346"}],"wp:term":[{"taxonomy":"category","embeddable":true,"href":"https:\/\/sp174.waw.pl\/index.php?rest_route=%2Fwp%2Fv2%2Fcategories&post=2346"},{"taxonomy":"post_tag","embeddable":true,"href":"https:\/\/sp174.waw.pl\/index.php?rest_route=%2Fwp%2Fv2%2Ftags&post=2346"}],"curies":[{"name":"wp","href":"https:\/\/api.w.org\/{rel}","templated":true}]}}