{"id":2351,"date":"2023-06-14T08:49:00","date_gmt":"2023-06-14T06:49:00","guid":{"rendered":"https:\/\/sp174.waw.pl\/?p=2351"},"modified":"2023-07-06T08:50:05","modified_gmt":"2023-07-06T06:50:05","slug":"klasa-2b-w-centrum-nauki-kopernik-i-planetarium","status":"publish","type":"post","link":"https:\/\/sp174.waw.pl\/?p=2351","title":{"rendered":"KLASA 2B W CENTRUM NAUKI KOPERNIK I PLANETARIUM"},"content":{"rendered":"<p style=\"text-align: justify; text-justify: inter-ideograph;\">Dnia 14 czerwca 2023 r. uczniowie klasy 2b wybrali si\u0119 do Centrum Nauki Kopernik i do Planetarium. Zacz\u0119li\u015bmy od seansu w Planetarium seansem \u201e3,2,1 start!\u201d. P\u00f3\u017aniej by\u0142 czas na do\u015bwiadczanie, odkrywanie i eksperymentowanie. Pobyt w Teatrze Napi\u0119\u0107 by\u0142 r\u00f3wnie\u017c ekscytuj\u0105cy. To by\u0142 bardzo dobrze sp\u0119dzony czas. Odkrywanie \u015bwiata i mo\u017cliwo\u015b\u0107 sp\u0119dzenia ze sob\u0105 czasu poza szko\u0142\u0105 by\u0142o bardzo warto\u015bciowe.<\/p>\n<p style=\"text-align: right;\" align=\"right\"><i>Marzena Delak<\/i><\/p>\n\n\n<figure class=\"wp-block-image size-large\"><img loading=\"lazy\" decoding=\"async\" width=\"1024\" height=\"512\" src=\"https:\/\/sp174.waw.pl\/wp-content\/uploads\/2023\/07\/Collage-2023-06-29-14_11_39-1024x512.jpg\" alt=\"\" class=\"wp-image-2352\" srcset=\"https:\/\/sp174.waw.pl\/wp-content\/uploads\/2023\/07\/Collage-2023-06-29-14_11_39-1024x512.jpg 1024w, https:\/\/sp174.waw.pl\/wp-content\/uploads\/2023\/07\/Collage-2023-06-29-14_11_39-300x150.jpg 300w, https:\/\/sp174.waw.pl\/wp-content\/uploads\/2023\/07\/Collage-2023-06-29-14_11_39-768x384.jpg 768w, https:\/\/sp174.waw.pl\/wp-content\/uploads\/2023\/07\/Collage-2023-06-29-14_11_39-1536x768.jpg 1536w, https:\/\/sp174.waw.pl\/wp-content\/uploads\/2023\/07\/Collage-2023-06-29-14_11_39.jpg 1920w\" sizes=\"auto, (max-width: 1024px) 100vw, 1024px\" \/><\/figure>\n","protected":false},"excerpt":{"rendered":"<p>Dnia 14 czerwca 2023 r. uczniowie klasy 2b wybrali si\u0119 do Centrum Nauki Kopernik i do Planetarium. Zacz\u0119li\u015bmy od seansu w Planetarium seansem \u201e3,2,1 start!\u201d. P\u00f3\u017aniej by\u0142 czas na do\u015bwiadczanie, odkrywanie i eksperymentowanie. Pobyt w Teatrze Napi\u0119\u0107 by\u0142 r\u00f3wnie\u017c ekscytuj\u0105cy. To by\u0142 bardzo dobrze sp\u0119dzony czas. Odkrywanie \u015bwiata i mo\u017cliwo\u015b\u0107 sp\u0119dzenia ze sob\u0105 czasu poza&hellip; <br \/> <a class=\"read-more\" href=\"https:\/\/sp174.waw.pl\/?p=2351\">Czytaj dalej<\/a><\/p>\n","protected":false},"author":1,"featured_media":0,"comment_status":"closed","ping_status":"closed","sticky":false,"template":"","format":"standard","meta":{"footnotes":""},"categories":[1],"tags":[],"class_list":["post-2351","post","type-post","status-publish","format-standard","hentry","category-bez-kategorii"],"_links":{"self":[{"href":"https:\/\/sp174.waw.pl\/index.php?rest_route=\/wp\/v2\/posts\/2351","targetHints":{"allow":["GET"]}}],"collection":[{"href":"https:\/\/sp174.waw.pl\/index.php?rest_route=\/wp\/v2\/posts"}],"about":[{"href":"https:\/\/sp174.waw.pl\/index.php?rest_route=\/wp\/v2\/types\/post"}],"author":[{"embeddable":true,"href":"https:\/\/sp174.waw.pl\/index.php?rest_route=\/wp\/v2\/users\/1"}],"replies":[{"embeddable":true,"href":"https:\/\/sp174.waw.pl\/index.php?rest_route=%2Fwp%2Fv2%2Fcomments&post=2351"}],"version-history":[{"count":1,"href":"https:\/\/sp174.waw.pl\/index.php?rest_route=\/wp\/v2\/posts\/2351\/revisions"}],"predecessor-version":[{"id":2353,"href":"https:\/\/sp174.waw.pl\/index.php?rest_route=\/wp\/v2\/posts\/2351\/revisions\/2353"}],"wp:attachment":[{"href":"https:\/\/sp174.waw.pl\/index.php?rest_route=%2Fwp%2Fv2%2Fmedia&parent=2351"}],"wp:term":[{"taxonomy":"category","embeddable":true,"href":"https:\/\/sp174.waw.pl\/index.php?rest_route=%2Fwp%2Fv2%2Fcategories&post=2351"},{"taxonomy":"post_tag","embeddable":true,"href":"https:\/\/sp174.waw.pl\/index.php?rest_route=%2Fwp%2Fv2%2Ftags&post=2351"}],"curies":[{"name":"wp","href":"https:\/\/api.w.org\/{rel}","templated":true}]}}