{"id":2358,"date":"2023-06-23T08:53:00","date_gmt":"2023-06-23T06:53:00","guid":{"rendered":"https:\/\/sp174.waw.pl\/?p=2358"},"modified":"2023-07-06T08:54:52","modified_gmt":"2023-07-06T06:54:52","slug":"zakonczenie-roku-szkolnego-klas-8","status":"publish","type":"post","link":"https:\/\/sp174.waw.pl\/?p=2358","title":{"rendered":"ZAKO\u0143CZENIE ROKU SZKOLNEGO KLAS 8"},"content":{"rendered":"<p>Dnia 23 czerwca 2023 r. absolwenci klas \u00f3smych uroczy\u015bcie \u017cegnali si\u0119 z nasz\u0105 szko\u0142\u0105. To by\u0142o wyj\u0105tkowe wydarzenie podczas kt\u00f3rego odby\u0142o si\u0119 m.in. uroczyste przykazanie Pocztu Sztandarowego. \u00d3smoklasi\u015bci zata\u0144czyli pi\u0119knego poloneza i radosn\u0105 belgijk\u0119. Dyrektor szko\u0142y wzruszaj\u0105cymi s\u0142owami po\u017cegna\u0142 si\u0119 z uczniami, \u017cycz\u0105c im powodzenia na dalszej drodze. W uroczysto\u015bci uczestniczy\u0142y Naczelnik Wydzia\u0142u O\u015bwiaty i Wychowania pani Renata Mroczkowska oraz Radna Dzielnicy pani Gra\u017cyna Weber. Wr\u0119czy\u0142y nagrody burmistrza w kategorii: najlepszy ucze\u0144 dla Miko\u0142aja Kozuba, najlepszy sportowiec dla Kristiny Apanasovich oraz dla najlepszego artysty \u2013 Kariny Kushch. Uczniowie odebrali jeszcze inne liczne nagrody szkolne, m.in. dla najlepszych wolontariuszy: Micha\u0142 Zysk i Miko\u0142aj Kozub. Otrzymali r\u00f3wnie\u017c po\u017cegnalne upominki od klasy si\u00f3dmej. Ka\u017cdy ucze\u0144 pozostawi\u0142 \u015blad w naszej szkole, o ka\u017cdym b\u0119dziemy pami\u0119ta\u0107. \u017byczymy powodzenia i sukces\u00f3w!<br \/>Marzena Delak<\/p>\n\n\n<figure class=\"wp-block-gallery has-nested-images columns-default is-cropped wp-block-gallery-1 is-layout-flex wp-block-gallery-is-layout-flex\">\n<figure class=\"wp-block-image size-large\"><img loading=\"lazy\" decoding=\"async\" width=\"1024\" height=\"512\" data-id=\"2360\" src=\"https:\/\/sp174.waw.pl\/wp-content\/uploads\/2023\/07\/Collage-2023-06-30-17_18_52-1024x512.jpg\" alt=\"\" class=\"wp-image-2360\" srcset=\"https:\/\/sp174.waw.pl\/wp-content\/uploads\/2023\/07\/Collage-2023-06-30-17_18_52-1024x512.jpg 1024w, https:\/\/sp174.waw.pl\/wp-content\/uploads\/2023\/07\/Collage-2023-06-30-17_18_52-300x150.jpg 300w, https:\/\/sp174.waw.pl\/wp-content\/uploads\/2023\/07\/Collage-2023-06-30-17_18_52-768x384.jpg 768w, https:\/\/sp174.waw.pl\/wp-content\/uploads\/2023\/07\/Collage-2023-06-30-17_18_52-1536x768.jpg 1536w, https:\/\/sp174.waw.pl\/wp-content\/uploads\/2023\/07\/Collage-2023-06-30-17_18_52.jpg 1920w\" sizes=\"auto, (max-width: 1024px) 100vw, 1024px\" \/><\/figure>\n\n\n\n<figure class=\"wp-block-image size-large\"><img loading=\"lazy\" decoding=\"async\" width=\"1024\" height=\"512\" data-id=\"2359\" src=\"https:\/\/sp174.waw.pl\/wp-content\/uploads\/2023\/07\/Collage-2023-06-30-17_28_30-1024x512.jpg\" alt=\"\" class=\"wp-image-2359\" srcset=\"https:\/\/sp174.waw.pl\/wp-content\/uploads\/2023\/07\/Collage-2023-06-30-17_28_30-1024x512.jpg 1024w, https:\/\/sp174.waw.pl\/wp-content\/uploads\/2023\/07\/Collage-2023-06-30-17_28_30-300x150.jpg 300w, https:\/\/sp174.waw.pl\/wp-content\/uploads\/2023\/07\/Collage-2023-06-30-17_28_30-768x384.jpg 768w, https:\/\/sp174.waw.pl\/wp-content\/uploads\/2023\/07\/Collage-2023-06-30-17_28_30-1536x768.jpg 1536w, https:\/\/sp174.waw.pl\/wp-content\/uploads\/2023\/07\/Collage-2023-06-30-17_28_30.jpg 1920w\" sizes=\"auto, (max-width: 1024px) 100vw, 1024px\" \/><\/figure>\n<\/figure>\n","protected":false},"excerpt":{"rendered":"<p>Dnia 23 czerwca 2023 r. absolwenci klas \u00f3smych uroczy\u015bcie \u017cegnali si\u0119 z nasz\u0105 szko\u0142\u0105. To by\u0142o wyj\u0105tkowe wydarzenie podczas kt\u00f3rego odby\u0142o si\u0119 m.in. uroczyste przykazanie Pocztu Sztandarowego. \u00d3smoklasi\u015bci zata\u0144czyli pi\u0119knego poloneza i radosn\u0105 belgijk\u0119. Dyrektor szko\u0142y wzruszaj\u0105cymi s\u0142owami po\u017cegna\u0142 si\u0119 z uczniami, \u017cycz\u0105c im powodzenia na dalszej drodze. W uroczysto\u015bci uczestniczy\u0142y Naczelnik Wydzia\u0142u O\u015bwiaty i&hellip; <br \/> <a class=\"read-more\" href=\"https:\/\/sp174.waw.pl\/?p=2358\">Czytaj dalej<\/a><\/p>\n","protected":false},"author":1,"featured_media":0,"comment_status":"closed","ping_status":"closed","sticky":false,"template":"","format":"standard","meta":{"footnotes":""},"categories":[1],"tags":[],"class_list":["post-2358","post","type-post","status-publish","format-standard","hentry","category-bez-kategorii"],"_links":{"self":[{"href":"https:\/\/sp174.waw.pl\/index.php?rest_route=\/wp\/v2\/posts\/2358","targetHints":{"allow":["GET"]}}],"collection":[{"href":"https:\/\/sp174.waw.pl\/index.php?rest_route=\/wp\/v2\/posts"}],"about":[{"href":"https:\/\/sp174.waw.pl\/index.php?rest_route=\/wp\/v2\/types\/post"}],"author":[{"embeddable":true,"href":"https:\/\/sp174.waw.pl\/index.php?rest_route=\/wp\/v2\/users\/1"}],"replies":[{"embeddable":true,"href":"https:\/\/sp174.waw.pl\/index.php?rest_route=%2Fwp%2Fv2%2Fcomments&post=2358"}],"version-history":[{"count":1,"href":"https:\/\/sp174.waw.pl\/index.php?rest_route=\/wp\/v2\/posts\/2358\/revisions"}],"predecessor-version":[{"id":2361,"href":"https:\/\/sp174.waw.pl\/index.php?rest_route=\/wp\/v2\/posts\/2358\/revisions\/2361"}],"wp:attachment":[{"href":"https:\/\/sp174.waw.pl\/index.php?rest_route=%2Fwp%2Fv2%2Fmedia&parent=2358"}],"wp:term":[{"taxonomy":"category","embeddable":true,"href":"https:\/\/sp174.waw.pl\/index.php?rest_route=%2Fwp%2Fv2%2Fcategories&post=2358"},{"taxonomy":"post_tag","embeddable":true,"href":"https:\/\/sp174.waw.pl\/index.php?rest_route=%2Fwp%2Fv2%2Ftags&post=2358"}],"curies":[{"name":"wp","href":"https:\/\/api.w.org\/{rel}","templated":true}]}}