{"id":2362,"date":"2023-06-23T08:56:00","date_gmt":"2023-06-23T06:56:00","guid":{"rendered":"https:\/\/sp174.waw.pl\/?p=2362"},"modified":"2023-07-06T08:56:51","modified_gmt":"2023-07-06T06:56:51","slug":"uroczystosc-zakonczenia-roku-szkolnego-2022-2023","status":"publish","type":"post","link":"https:\/\/sp174.waw.pl\/?p=2362","title":{"rendered":"UROCZYSTO\u015a\u0106 ZAKO\u0143CZENIA ROKU SZKOLNEGO 2022\/2023"},"content":{"rendered":"<p style=\"text-align: justify; text-justify: inter-ideograph;\">Dnia 23 czerwca 2023 r. uczniowie klas 0-7 uczestniczyli w uroczysto\u015bci zako\u0144czenia roku szkolnego. W tym dniu jak zwykle dyrektor szko\u0142y Pawe\u0142 Krajewski dzi\u0119kowa\u0142 za rok pracy i \u017cyczy\u0142 bezpiecznych i udanych wakacji. Uczniowie klas starszych odebrali \u015bwiadectwa z czerwonym paskiem. W tym dniu naszym go\u015bciem by\u0142a te\u017c pani Katarzyna Wasiak, rzecznik prasowy Urz\u0119du Dzielnicy Weso\u0142a. W imieniu burmistrza wr\u0119czy\u0142a nagrod\u0119 dla ucznia z najwi\u0119kszymi post\u0119pami. By\u0142 nim w tym roku ucze\u0144 klasy 7, Karol Krupi\u0144ski. Do zobaczenia we wrze\u015bniu!<\/p>\n<p style=\"text-align: right;\" align=\"right\"><i>Marzena Delak<\/i><\/p>\n\n\n<figure class=\"wp-block-image size-large\"><img loading=\"lazy\" decoding=\"async\" width=\"1024\" height=\"512\" src=\"https:\/\/sp174.waw.pl\/wp-content\/uploads\/2023\/07\/Collage-2023-06-29-16_47_41-1024x512.jpg\" alt=\"\" class=\"wp-image-2363\" srcset=\"https:\/\/sp174.waw.pl\/wp-content\/uploads\/2023\/07\/Collage-2023-06-29-16_47_41-1024x512.jpg 1024w, https:\/\/sp174.waw.pl\/wp-content\/uploads\/2023\/07\/Collage-2023-06-29-16_47_41-300x150.jpg 300w, https:\/\/sp174.waw.pl\/wp-content\/uploads\/2023\/07\/Collage-2023-06-29-16_47_41-768x384.jpg 768w, https:\/\/sp174.waw.pl\/wp-content\/uploads\/2023\/07\/Collage-2023-06-29-16_47_41-1536x768.jpg 1536w, https:\/\/sp174.waw.pl\/wp-content\/uploads\/2023\/07\/Collage-2023-06-29-16_47_41.jpg 1920w\" sizes=\"auto, (max-width: 1024px) 100vw, 1024px\" \/><\/figure>\n","protected":false},"excerpt":{"rendered":"<p>Dnia 23 czerwca 2023 r. uczniowie klas 0-7 uczestniczyli w uroczysto\u015bci zako\u0144czenia roku szkolnego. W tym dniu jak zwykle dyrektor szko\u0142y Pawe\u0142 Krajewski dzi\u0119kowa\u0142 za rok pracy i \u017cyczy\u0142 bezpiecznych i udanych wakacji. Uczniowie klas starszych odebrali \u015bwiadectwa z czerwonym paskiem. W tym dniu naszym go\u015bciem by\u0142a te\u017c pani Katarzyna Wasiak, rzecznik prasowy Urz\u0119du Dzielnicy&hellip; <br \/> <a class=\"read-more\" href=\"https:\/\/sp174.waw.pl\/?p=2362\">Czytaj dalej<\/a><\/p>\n","protected":false},"author":1,"featured_media":0,"comment_status":"closed","ping_status":"closed","sticky":false,"template":"","format":"standard","meta":{"footnotes":""},"categories":[1],"tags":[],"class_list":["post-2362","post","type-post","status-publish","format-standard","hentry","category-bez-kategorii"],"_links":{"self":[{"href":"https:\/\/sp174.waw.pl\/index.php?rest_route=\/wp\/v2\/posts\/2362","targetHints":{"allow":["GET"]}}],"collection":[{"href":"https:\/\/sp174.waw.pl\/index.php?rest_route=\/wp\/v2\/posts"}],"about":[{"href":"https:\/\/sp174.waw.pl\/index.php?rest_route=\/wp\/v2\/types\/post"}],"author":[{"embeddable":true,"href":"https:\/\/sp174.waw.pl\/index.php?rest_route=\/wp\/v2\/users\/1"}],"replies":[{"embeddable":true,"href":"https:\/\/sp174.waw.pl\/index.php?rest_route=%2Fwp%2Fv2%2Fcomments&post=2362"}],"version-history":[{"count":1,"href":"https:\/\/sp174.waw.pl\/index.php?rest_route=\/wp\/v2\/posts\/2362\/revisions"}],"predecessor-version":[{"id":2364,"href":"https:\/\/sp174.waw.pl\/index.php?rest_route=\/wp\/v2\/posts\/2362\/revisions\/2364"}],"wp:attachment":[{"href":"https:\/\/sp174.waw.pl\/index.php?rest_route=%2Fwp%2Fv2%2Fmedia&parent=2362"}],"wp:term":[{"taxonomy":"category","embeddable":true,"href":"https:\/\/sp174.waw.pl\/index.php?rest_route=%2Fwp%2Fv2%2Fcategories&post=2362"},{"taxonomy":"post_tag","embeddable":true,"href":"https:\/\/sp174.waw.pl\/index.php?rest_route=%2Fwp%2Fv2%2Ftags&post=2362"}],"curies":[{"name":"wp","href":"https:\/\/api.w.org\/{rel}","templated":true}]}}