{"id":2369,"date":"2023-08-22T14:13:24","date_gmt":"2023-08-22T12:13:24","guid":{"rendered":"https:\/\/sp174.waw.pl\/?p=2369"},"modified":"2024-08-29T09:19:19","modified_gmt":"2024-08-29T07:19:19","slug":"klasa-terapeutyczna-w-sp-353","status":"publish","type":"post","link":"https:\/\/sp174.waw.pl\/?p=2369","title":{"rendered":"Klasa terapeutyczna w SP 353 im. \u201eWielkich Odkrywc\u00f3w\u201d"},"content":{"rendered":"\n<p class=\"has-white-color has-text-color\"><\/p>\n\n\n\n<p class=\"has-black-color has-text-color\">Szanowni Pa\u0144stwo,<br>mamy dla Pa\u0144stwa propozycj\u0119 utworzenia klasy terapeutycznej dla uczni\u00f3w, kt\u00f3rzy maj\u0105 problemy z koncentracj\u0105 oraz wskazania zawarte w opinii wydanej przez Poradni\u0119 Psychologiczno-Pedagogiczn\u0105.<br><br>W takiej klasie uczniowie maj\u0105 mo\u017cliwo\u015b\u0107 osi\u0105gn\u0105\u0107 sukces edukacyjny ucz\u0105c si\u0119 w ma\u0142o licznej grupie z du\u017cym wsparciem nauczycieli specjalist\u00f3w. Warunkiem formalnym przyj\u0119cia do takiej klasy jest zapis w opinii psychologiczno-pedagogicznej z wyra\u017anym wskazaniem konieczno\u015bci ucz\u0119szczania do klasy terapeutycznej.<br><br>Je\u015bli jeste\u015bcie Drodzy Rodzice zainteresowani ucz\u0119szczaniem Waszych dzieci do tej klasy bardzo prosz\u0119 o poinformowanie Poradni Psychologiczno-Pedagogicznej, \u017ce chcecie wzi\u0105\u0107 udzia\u0142 w rekrutacji do IV klasy terapeutycznej utworzonej w naszej szkole.<br>Szanowni Pa\u0144stwo je\u015bli macie pytania lub w\u0105tpliwo\u015bci dotycz\u0105ce powy\u017cej opisanej klasy terapeutycznej prosz\u0119 o kontakt z wychowawc\u0105 lub ze mn\u0105.<br><br>Serdecznie pozdrawiam<br>Pozostaj\u0119 do Pa\u0144stwa dyspozycji.<br>Katarzyna G\u0142usek-Wojciechowicz<\/p>\n\n\n\n<p class=\"has-white-color has-text-color\"><\/p>\n\n\n\n<p class=\"has-white-color has-text-color\">.<\/p>\n\n\n\n<div class=\"wp-block-file\"><a id=\"wp-block-file--media-8adf4dd5-511a-44b6-8699-51853eb70300\" href=\"https:\/\/sp174.waw.pl\/wp-content\/uploads\/2023\/08\/KLASA-TERAPEUTYCZNA-W-SZKOLE-PODSTAWOWEJ-NR-353.docx\">KLASA TERAPEUTYCZNA W SZKOLE PODSTAWOWEJ NR 353<\/a><a href=\"https:\/\/sp174.waw.pl\/wp-content\/uploads\/2023\/08\/KLASA-TERAPEUTYCZNA-W-SZKOLE-PODSTAWOWEJ-NR-353.docx\" class=\"wp-block-file__button wp-element-button\" download aria-describedby=\"wp-block-file--media-8adf4dd5-511a-44b6-8699-51853eb70300\">Pobierz<\/a><\/div>\n\n\n\n<div class=\"wp-block-file\"><a id=\"wp-block-file--media-43ef5c6d-4da3-46ef-bd3b-755c9d71192a\" href=\"https:\/\/sp174.waw.pl\/wp-content\/uploads\/2023\/08\/oswiadczenie_o_stanie_zdrowia_dziecka-klasa-terapeutyczna.pdf\">O\u015bwiadczenie o_stanie_zdrowia_dziecka-klasa terapeutyczna<\/a><a href=\"https:\/\/sp174.waw.pl\/wp-content\/uploads\/2023\/08\/oswiadczenie_o_stanie_zdrowia_dziecka-klasa-terapeutyczna.pdf\" class=\"wp-block-file__button wp-element-button\" download aria-describedby=\"wp-block-file--media-43ef5c6d-4da3-46ef-bd3b-755c9d71192a\">Pobierz<\/a><\/div>\n\n\n\n<div class=\"wp-block-file\"><a id=\"wp-block-file--media-657622fa-025e-4434-b77a-3761445a5b5e\" href=\"https:\/\/sp174.waw.pl\/wp-content\/uploads\/2023\/08\/druk-podania-do-klasy-terapeutyczna.pdf\">Druk podania do klasy terapeutycznej<\/a><a href=\"https:\/\/sp174.waw.pl\/wp-content\/uploads\/2023\/08\/druk-podania-do-klasy-terapeutyczna.pdf\" class=\"wp-block-file__button wp-element-button\" download aria-describedby=\"wp-block-file--media-657622fa-025e-4434-b77a-3761445a5b5e\">Pobierz<\/a><\/div>\n\n\n","protected":false},"excerpt":{"rendered":"<p>Szanowni Pa\u0144stwo,mamy dla Pa\u0144stwa propozycj\u0119 utworzenia klasy terapeutycznej dla uczni\u00f3w, kt\u00f3rzy maj\u0105 problemy z koncentracj\u0105 oraz wskazania zawarte w opinii wydanej przez Poradni\u0119 Psychologiczno-Pedagogiczn\u0105. W takiej klasie uczniowie maj\u0105 mo\u017cliwo\u015b\u0107 osi\u0105gn\u0105\u0107 sukces edukacyjny ucz\u0105c si\u0119 w ma\u0142o licznej grupie z du\u017cym wsparciem nauczycieli specjalist\u00f3w. Warunkiem formalnym przyj\u0119cia do takiej klasy jest zapis w opinii psychologiczno-pedagogicznej&hellip; <br \/> <a class=\"read-more\" href=\"https:\/\/sp174.waw.pl\/?p=2369\">Czytaj dalej<\/a><\/p>\n","protected":false},"author":1,"featured_media":0,"comment_status":"closed","ping_status":"closed","sticky":false,"template":"","format":"standard","meta":{"footnotes":""},"categories":[1],"tags":[],"class_list":["post-2369","post","type-post","status-publish","format-standard","hentry","category-bez-kategorii"],"_links":{"self":[{"href":"https:\/\/sp174.waw.pl\/index.php?rest_route=\/wp\/v2\/posts\/2369","targetHints":{"allow":["GET"]}}],"collection":[{"href":"https:\/\/sp174.waw.pl\/index.php?rest_route=\/wp\/v2\/posts"}],"about":[{"href":"https:\/\/sp174.waw.pl\/index.php?rest_route=\/wp\/v2\/types\/post"}],"author":[{"embeddable":true,"href":"https:\/\/sp174.waw.pl\/index.php?rest_route=\/wp\/v2\/users\/1"}],"replies":[{"embeddable":true,"href":"https:\/\/sp174.waw.pl\/index.php?rest_route=%2Fwp%2Fv2%2Fcomments&post=2369"}],"version-history":[{"count":4,"href":"https:\/\/sp174.waw.pl\/index.php?rest_route=\/wp\/v2\/posts\/2369\/revisions"}],"predecessor-version":[{"id":3065,"href":"https:\/\/sp174.waw.pl\/index.php?rest_route=\/wp\/v2\/posts\/2369\/revisions\/3065"}],"wp:attachment":[{"href":"https:\/\/sp174.waw.pl\/index.php?rest_route=%2Fwp%2Fv2%2Fmedia&parent=2369"}],"wp:term":[{"taxonomy":"category","embeddable":true,"href":"https:\/\/sp174.waw.pl\/index.php?rest_route=%2Fwp%2Fv2%2Fcategories&post=2369"},{"taxonomy":"post_tag","embeddable":true,"href":"https:\/\/sp174.waw.pl\/index.php?rest_route=%2Fwp%2Fv2%2Ftags&post=2369"}],"curies":[{"name":"wp","href":"https:\/\/api.w.org\/{rel}","templated":true}]}}