{"id":2378,"date":"2023-08-30T11:46:05","date_gmt":"2023-08-30T09:46:05","guid":{"rendered":"https:\/\/sp174.waw.pl\/?p=2378"},"modified":"2023-10-27T10:46:47","modified_gmt":"2023-10-27T08:46:47","slug":"rozpoczecie-roku-szkolnego-2023-2024","status":"publish","type":"post","link":"https:\/\/sp174.waw.pl\/?p=2378","title":{"rendered":"ROZPOCZ\u0118CIE ROKU SZKOLNEGO 2023\/2024"},"content":{"rendered":"\n<figure class=\"wp-block-image size-large\"><img loading=\"lazy\" decoding=\"async\" width=\"1024\" height=\"768\" src=\"https:\/\/sp174.waw.pl\/wp-content\/uploads\/2023\/08\/szkola-rozpo-1024x768.jpg\" alt=\"\" class=\"wp-image-2379\" srcset=\"https:\/\/sp174.waw.pl\/wp-content\/uploads\/2023\/08\/szkola-rozpo-1024x768.jpg 1024w, https:\/\/sp174.waw.pl\/wp-content\/uploads\/2023\/08\/szkola-rozpo-300x225.jpg 300w, https:\/\/sp174.waw.pl\/wp-content\/uploads\/2023\/08\/szkola-rozpo-768x576.jpg 768w, https:\/\/sp174.waw.pl\/wp-content\/uploads\/2023\/08\/szkola-rozpo-1536x1152.jpg 1536w, https:\/\/sp174.waw.pl\/wp-content\/uploads\/2023\/08\/szkola-rozpo-1440x1080.jpg 1440w, https:\/\/sp174.waw.pl\/wp-content\/uploads\/2023\/08\/szkola-rozpo.jpg 1600w\" sizes=\"auto, (max-width: 1024px) 100vw, 1024px\" \/><\/figure>\n\n\n\n<p class=\"has-black-color has-text-color\">Zapraszamy na Uroczyste Rozpocz\u0119cie Roku Szkolnego 2023\/2024 w dn. <strong>4 wrze\u015bnia<\/strong> na sali gimnastycznej, wg nast\u0119puj\u0105cego harmonogramu:<\/p>\n\n\n\n<p class=\"has-black-color has-text-color\"><strong>Oddzia\u0142y przedszkolne oraz klasy I &#8211; III godz. 9.00<\/strong><\/p>\n\n\n\n<p class=\"has-black-color has-text-color\"><strong>Klasy IV &#8211; VIII godz. 10.30 <\/strong><\/p>\n\n\n\n<p class=\"has-white-color has-text-color\">.<\/p>\n\n\n\n<p class=\"has-black-color has-text-color\">1 wrze\u015bnia zapraszamy dzieci z oddzia\u0142\u00f3w przedszkolnych na dzie\u0144 adaptacyjny w godz. 8.00 &#8211; 17.00. Wy\u017cywienie dla dzieci zaplanowane jest od 5 wrze\u015bnia. <\/p>\n","protected":false},"excerpt":{"rendered":"<p>Zapraszamy na Uroczyste Rozpocz\u0119cie Roku Szkolnego 2023\/2024 w dn. 4 wrze\u015bnia na sali gimnastycznej, wg nast\u0119puj\u0105cego harmonogramu: Oddzia\u0142y przedszkolne oraz klasy I &#8211; III godz. 9.00 Klasy IV &#8211; VIII godz. 10.30 . 1 wrze\u015bnia zapraszamy dzieci z oddzia\u0142\u00f3w przedszkolnych na dzie\u0144 adaptacyjny w godz. 8.00 &#8211; 17.00. Wy\u017cywienie dla dzieci zaplanowane jest od 5&hellip; <br \/> <a class=\"read-more\" href=\"https:\/\/sp174.waw.pl\/?p=2378\">Czytaj dalej<\/a><\/p>\n","protected":false},"author":1,"featured_media":0,"comment_status":"closed","ping_status":"closed","sticky":false,"template":"","format":"standard","meta":{"footnotes":""},"categories":[1],"tags":[],"class_list":["post-2378","post","type-post","status-publish","format-standard","hentry","category-bez-kategorii"],"_links":{"self":[{"href":"https:\/\/sp174.waw.pl\/index.php?rest_route=\/wp\/v2\/posts\/2378","targetHints":{"allow":["GET"]}}],"collection":[{"href":"https:\/\/sp174.waw.pl\/index.php?rest_route=\/wp\/v2\/posts"}],"about":[{"href":"https:\/\/sp174.waw.pl\/index.php?rest_route=\/wp\/v2\/types\/post"}],"author":[{"embeddable":true,"href":"https:\/\/sp174.waw.pl\/index.php?rest_route=\/wp\/v2\/users\/1"}],"replies":[{"embeddable":true,"href":"https:\/\/sp174.waw.pl\/index.php?rest_route=%2Fwp%2Fv2%2Fcomments&post=2378"}],"version-history":[{"count":1,"href":"https:\/\/sp174.waw.pl\/index.php?rest_route=\/wp\/v2\/posts\/2378\/revisions"}],"predecessor-version":[{"id":2380,"href":"https:\/\/sp174.waw.pl\/index.php?rest_route=\/wp\/v2\/posts\/2378\/revisions\/2380"}],"wp:attachment":[{"href":"https:\/\/sp174.waw.pl\/index.php?rest_route=%2Fwp%2Fv2%2Fmedia&parent=2378"}],"wp:term":[{"taxonomy":"category","embeddable":true,"href":"https:\/\/sp174.waw.pl\/index.php?rest_route=%2Fwp%2Fv2%2Fcategories&post=2378"},{"taxonomy":"post_tag","embeddable":true,"href":"https:\/\/sp174.waw.pl\/index.php?rest_route=%2Fwp%2Fv2%2Ftags&post=2378"}],"curies":[{"name":"wp","href":"https:\/\/api.w.org\/{rel}","templated":true}]}}