{"id":2408,"date":"2023-09-17T20:44:03","date_gmt":"2023-09-17T18:44:03","guid":{"rendered":"https:\/\/sp174.waw.pl\/?p=2408"},"modified":"2023-09-17T20:52:08","modified_gmt":"2023-09-17T18:52:08","slug":"klasa-iia-poznaje-wydarzenia-sprzed-lat","status":"publish","type":"post","link":"https:\/\/sp174.waw.pl\/?p=2408","title":{"rendered":"Klasa IIIa poznaje wydarzenia sprzed lat"},"content":{"rendered":"<p>Miniony tydzie\u0144 w klasie IIIa up\u0142yn\u0105\u0142 pod has\u0142ami: pami\u0119\u0107, wojna, powstanie, bohaterzy i wolno\u015b\u0107. Rozmawiali\u015bmy o najbardziej dramatycznych wydarzeniach ostatnich dziesi\u0119cioleci, czyli o II wojnie \u015bwiatowej. Uczniowie przeprowadzili sond\u0119 w\u015br\u00f3d r\u00f3wie\u015bnik\u00f3w i pracownik\u00f3w szko\u0142y na temat: Z czym kojarzy ci si\u0119 wojna? Tworzyli\u015bmy te\u017c o\u015b czasu, na kt\u00f3rej u\u0142o\u017cyli\u015bmy chronologicznie omawiane przez nas wydarzenia, a tak\u017ce stworzyli\u015bmy odezw\u0119 w postaci go\u0142\u0119bi pokoju, na kt\u00f3rych wypisali\u015bmy has\u0142a antywojenne. Odwiedzi\u0142a nas tak\u017ce mama Asi. Pani Anita opowiada\u0142a nam o prapradziadku, po kt\u00f3rym maj\u0105 rodzinn\u0105 pami\u0105tk\u0119 w postaci pami\u0119tnika. Ogl\u0105dali\u015bmy film o obronie Westerplatte i s\u0142uchali\u015bmy komunikatu, kt\u00f3ry nar\u00f3d us\u0142ysza\u0142 w czasie wybuchu wojny. Przez ca\u0142y ten czas czytali\u015bmy wiersze o wojnie, informacje o powsta\u0144cach i s\u0142uchali\u015bmy ich wspomnie\u0144. Niekt\u00f3rzy uczniowie dodatkowo zebrali wspomnienia w swoich rodzinach wys\u0142uchuj\u0105c historii bab\u0107, prabab\u0107, dziadk\u00f3w i pradziadk\u00f3w.<\/p>\n<p>Anna Marczuk<\/p>\n<\/p>\n\n\n<figure class=\"wp-block-image size-large\"><img loading=\"lazy\" decoding=\"async\" width=\"1024\" height=\"819\" src=\"https:\/\/sp174.waw.pl\/wp-content\/uploads\/2023\/09\/379660418_636081078634126_5280628800647470462_n-1_Easy-Resize.com_-1024x819.jpg\" alt=\"\" class=\"wp-image-2409\" srcset=\"https:\/\/sp174.waw.pl\/wp-content\/uploads\/2023\/09\/379660418_636081078634126_5280628800647470462_n-1_Easy-Resize.com_-1024x819.jpg 1024w, https:\/\/sp174.waw.pl\/wp-content\/uploads\/2023\/09\/379660418_636081078634126_5280628800647470462_n-1_Easy-Resize.com_-300x240.jpg 300w, https:\/\/sp174.waw.pl\/wp-content\/uploads\/2023\/09\/379660418_636081078634126_5280628800647470462_n-1_Easy-Resize.com_-768x614.jpg 768w, https:\/\/sp174.waw.pl\/wp-content\/uploads\/2023\/09\/379660418_636081078634126_5280628800647470462_n-1_Easy-Resize.com_.jpg 1280w\" sizes=\"auto, (max-width: 1024px) 100vw, 1024px\" \/><\/figure>\n","protected":false},"excerpt":{"rendered":"<p>Miniony tydzie\u0144 w klasie IIIa up\u0142yn\u0105\u0142 pod has\u0142ami: pami\u0119\u0107, wojna, powstanie, bohaterzy i wolno\u015b\u0107. Rozmawiali\u015bmy o najbardziej dramatycznych wydarzeniach ostatnich dziesi\u0119cioleci, czyli o II wojnie \u015bwiatowej. Uczniowie przeprowadzili sond\u0119 w\u015br\u00f3d r\u00f3wie\u015bnik\u00f3w i pracownik\u00f3w szko\u0142y na temat: Z czym kojarzy ci si\u0119 wojna? Tworzyli\u015bmy te\u017c o\u015b czasu, na kt\u00f3rej u\u0142o\u017cyli\u015bmy chronologicznie omawiane przez nas wydarzenia, a&hellip; <br \/> <a class=\"read-more\" href=\"https:\/\/sp174.waw.pl\/?p=2408\">Czytaj dalej<\/a><\/p>\n","protected":false},"author":1,"featured_media":0,"comment_status":"closed","ping_status":"closed","sticky":false,"template":"","format":"standard","meta":{"footnotes":""},"categories":[1],"tags":[],"class_list":["post-2408","post","type-post","status-publish","format-standard","hentry","category-bez-kategorii"],"_links":{"self":[{"href":"https:\/\/sp174.waw.pl\/index.php?rest_route=\/wp\/v2\/posts\/2408","targetHints":{"allow":["GET"]}}],"collection":[{"href":"https:\/\/sp174.waw.pl\/index.php?rest_route=\/wp\/v2\/posts"}],"about":[{"href":"https:\/\/sp174.waw.pl\/index.php?rest_route=\/wp\/v2\/types\/post"}],"author":[{"embeddable":true,"href":"https:\/\/sp174.waw.pl\/index.php?rest_route=\/wp\/v2\/users\/1"}],"replies":[{"embeddable":true,"href":"https:\/\/sp174.waw.pl\/index.php?rest_route=%2Fwp%2Fv2%2Fcomments&post=2408"}],"version-history":[{"count":2,"href":"https:\/\/sp174.waw.pl\/index.php?rest_route=\/wp\/v2\/posts\/2408\/revisions"}],"predecessor-version":[{"id":2411,"href":"https:\/\/sp174.waw.pl\/index.php?rest_route=\/wp\/v2\/posts\/2408\/revisions\/2411"}],"wp:attachment":[{"href":"https:\/\/sp174.waw.pl\/index.php?rest_route=%2Fwp%2Fv2%2Fmedia&parent=2408"}],"wp:term":[{"taxonomy":"category","embeddable":true,"href":"https:\/\/sp174.waw.pl\/index.php?rest_route=%2Fwp%2Fv2%2Fcategories&post=2408"},{"taxonomy":"post_tag","embeddable":true,"href":"https:\/\/sp174.waw.pl\/index.php?rest_route=%2Fwp%2Fv2%2Ftags&post=2408"}],"curies":[{"name":"wp","href":"https:\/\/api.w.org\/{rel}","templated":true}]}}