{"id":2412,"date":"2023-09-17T21:28:21","date_gmt":"2023-09-17T19:28:21","guid":{"rendered":"https:\/\/sp174.waw.pl\/?p=2412"},"modified":"2023-09-17T21:28:22","modified_gmt":"2023-09-17T19:28:22","slug":"dzien-kropki-w-klasie-iiia","status":"publish","type":"post","link":"https:\/\/sp174.waw.pl\/?p=2412","title":{"rendered":"Dzie\u0144 Kropki w klasie IIIa"},"content":{"rendered":"<p>Mi\u0119dzynarodowy Dzie\u0144 Kropki obchodzimy 15 wrze\u015bnia. To \u015bwi\u0119to kreatywno\u015bci, dzie\u0144, w kt\u00f3rym skupiamy si\u0119 na rozwoju swoich talent\u00f3w, pasji. Tego dnia uczniowie klasy IIIA \u00a0opowiadali o swoich mocnych stronach. Rozmawiali\u015bmy o tym, \u017ce w naszej klasie ka\u017cdy ucze\u0144 jest nie tylko wyj\u0105tkowy, ale r\u00f3wnie\u017c wa\u017cny, warto\u015bciowy, r\u00f3\u017cny, inny, m\u0105dry, potrzebny i mile widziany. Swoje super moce przedstawili\u015bmy w pracach plastycznych.<\/p>\n<p>Tego dnia r\u00f3wnie\u017c dostrzegali\u015bmy kropki tam, gdzie wcze\u015bniej nikt na nie, nie zwraca\u0142 uwagi. Nauczyciele przygotowali niezwykle ciekawe aktywno\u015bci, w kt\u00f3rych g\u0142\u00f3wn\u0105 rol\u0119 odgrywa\u0142y wszelkiego rodzaju punkty, plamy, kleksy i okr\u0119gi. Wszystko ciekawe aktywno\u015bci pozwoli\u0142y nam dostrzec drzemi\u0105ce w nas umiej\u0119tno\u015bci, zdolno\u015bci i talenty.<\/p>\n<p>\u015amia\u0142o mo\u017cna stwierdzi\u0107, \u017ce tego dnia nikt nie znalaz\u0142 si\u0119 \u201e w kropce\u201d, za to wszyscy byli pozytywnie \u201ezakropkowani\u201d. Zwracali tym samym uwag\u0119 na to, \u017ce warto wierzy\u0107 w siebie i swoje mo\u017cliwo\u015bci.<\/p>\n\n\n<figure class=\"wp-block-gallery has-nested-images columns-default is-cropped wp-block-gallery-1 is-layout-flex wp-block-gallery-is-layout-flex\">\n<figure class=\"wp-block-image size-large\"><img loading=\"lazy\" decoding=\"async\" width=\"768\" height=\"1024\" data-id=\"2413\" src=\"https:\/\/sp174.waw.pl\/wp-content\/uploads\/2023\/09\/IMG_20230915_110330_Easy-Resize.com_-768x1024.jpg\" alt=\"\" class=\"wp-image-2413\" srcset=\"https:\/\/sp174.waw.pl\/wp-content\/uploads\/2023\/09\/IMG_20230915_110330_Easy-Resize.com_-768x1024.jpg 768w, https:\/\/sp174.waw.pl\/wp-content\/uploads\/2023\/09\/IMG_20230915_110330_Easy-Resize.com_-225x300.jpg 225w, https:\/\/sp174.waw.pl\/wp-content\/uploads\/2023\/09\/IMG_20230915_110330_Easy-Resize.com_-810x1080.jpg 810w, https:\/\/sp174.waw.pl\/wp-content\/uploads\/2023\/09\/IMG_20230915_110330_Easy-Resize.com_.jpg 960w\" sizes=\"auto, (max-width: 768px) 100vw, 768px\" \/><\/figure>\n\n\n\n<figure class=\"wp-block-image size-large\"><img loading=\"lazy\" decoding=\"async\" width=\"1024\" height=\"768\" data-id=\"2414\" src=\"https:\/\/sp174.waw.pl\/wp-content\/uploads\/2023\/09\/IMG_20230915_110335_Easy-Resize.com_-1024x768.jpg\" alt=\"\" class=\"wp-image-2414\" srcset=\"https:\/\/sp174.waw.pl\/wp-content\/uploads\/2023\/09\/IMG_20230915_110335_Easy-Resize.com_-1024x768.jpg 1024w, https:\/\/sp174.waw.pl\/wp-content\/uploads\/2023\/09\/IMG_20230915_110335_Easy-Resize.com_-300x225.jpg 300w, https:\/\/sp174.waw.pl\/wp-content\/uploads\/2023\/09\/IMG_20230915_110335_Easy-Resize.com_-768x576.jpg 768w, https:\/\/sp174.waw.pl\/wp-content\/uploads\/2023\/09\/IMG_20230915_110335_Easy-Resize.com_.jpg 1280w\" sizes=\"auto, (max-width: 1024px) 100vw, 1024px\" \/><\/figure>\n\n\n\n<figure class=\"wp-block-image size-large\"><img loading=\"lazy\" decoding=\"async\" width=\"768\" height=\"1024\" data-id=\"2416\" src=\"https:\/\/sp174.waw.pl\/wp-content\/uploads\/2023\/09\/IMG_20230915_111347_Easy-Resize.com_-768x1024.jpg\" alt=\"\" class=\"wp-image-2416\" srcset=\"https:\/\/sp174.waw.pl\/wp-content\/uploads\/2023\/09\/IMG_20230915_111347_Easy-Resize.com_-768x1024.jpg 768w, https:\/\/sp174.waw.pl\/wp-content\/uploads\/2023\/09\/IMG_20230915_111347_Easy-Resize.com_-225x300.jpg 225w, https:\/\/sp174.waw.pl\/wp-content\/uploads\/2023\/09\/IMG_20230915_111347_Easy-Resize.com_-810x1080.jpg 810w, https:\/\/sp174.waw.pl\/wp-content\/uploads\/2023\/09\/IMG_20230915_111347_Easy-Resize.com_.jpg 960w\" sizes=\"auto, (max-width: 768px) 100vw, 768px\" \/><\/figure>\n\n\n\n<figure class=\"wp-block-image size-large\"><img loading=\"lazy\" decoding=\"async\" width=\"768\" height=\"1024\" data-id=\"2415\" src=\"https:\/\/sp174.waw.pl\/wp-content\/uploads\/2023\/09\/IMG_20230915_111405_Easy-Resize.com_-768x1024.jpg\" alt=\"\" class=\"wp-image-2415\" srcset=\"https:\/\/sp174.waw.pl\/wp-content\/uploads\/2023\/09\/IMG_20230915_111405_Easy-Resize.com_-768x1024.jpg 768w, https:\/\/sp174.waw.pl\/wp-content\/uploads\/2023\/09\/IMG_20230915_111405_Easy-Resize.com_-225x300.jpg 225w, https:\/\/sp174.waw.pl\/wp-content\/uploads\/2023\/09\/IMG_20230915_111405_Easy-Resize.com_-810x1080.jpg 810w, https:\/\/sp174.waw.pl\/wp-content\/uploads\/2023\/09\/IMG_20230915_111405_Easy-Resize.com_.jpg 960w\" sizes=\"auto, (max-width: 768px) 100vw, 768px\" \/><\/figure>\n\n\n\n<figure class=\"wp-block-image size-large\"><img loading=\"lazy\" decoding=\"async\" width=\"768\" height=\"1024\" data-id=\"2417\" src=\"https:\/\/sp174.waw.pl\/wp-content\/uploads\/2023\/09\/IMG_20230915_113531_Easy-Resize.com_-768x1024.jpg\" alt=\"\" class=\"wp-image-2417\" srcset=\"https:\/\/sp174.waw.pl\/wp-content\/uploads\/2023\/09\/IMG_20230915_113531_Easy-Resize.com_-768x1024.jpg 768w, https:\/\/sp174.waw.pl\/wp-content\/uploads\/2023\/09\/IMG_20230915_113531_Easy-Resize.com_-225x300.jpg 225w, https:\/\/sp174.waw.pl\/wp-content\/uploads\/2023\/09\/IMG_20230915_113531_Easy-Resize.com_-810x1080.jpg 810w, https:\/\/sp174.waw.pl\/wp-content\/uploads\/2023\/09\/IMG_20230915_113531_Easy-Resize.com_.jpg 960w\" sizes=\"auto, (max-width: 768px) 100vw, 768px\" \/><\/figure>\n<\/figure>\n","protected":false},"excerpt":{"rendered":"<p>Mi\u0119dzynarodowy Dzie\u0144 Kropki obchodzimy 15 wrze\u015bnia. To \u015bwi\u0119to kreatywno\u015bci, dzie\u0144, w kt\u00f3rym skupiamy si\u0119 na rozwoju swoich talent\u00f3w, pasji. Tego dnia uczniowie klasy IIIA \u00a0opowiadali o swoich mocnych stronach. Rozmawiali\u015bmy o tym, \u017ce w naszej klasie ka\u017cdy ucze\u0144 jest nie tylko wyj\u0105tkowy, ale r\u00f3wnie\u017c wa\u017cny, warto\u015bciowy, r\u00f3\u017cny, inny, m\u0105dry, potrzebny i mile widziany. Swoje super&hellip; <br \/> <a class=\"read-more\" href=\"https:\/\/sp174.waw.pl\/?p=2412\">Czytaj dalej<\/a><\/p>\n","protected":false},"author":1,"featured_media":0,"comment_status":"closed","ping_status":"closed","sticky":false,"template":"","format":"standard","meta":{"footnotes":""},"categories":[1],"tags":[],"class_list":["post-2412","post","type-post","status-publish","format-standard","hentry","category-bez-kategorii"],"_links":{"self":[{"href":"https:\/\/sp174.waw.pl\/index.php?rest_route=\/wp\/v2\/posts\/2412","targetHints":{"allow":["GET"]}}],"collection":[{"href":"https:\/\/sp174.waw.pl\/index.php?rest_route=\/wp\/v2\/posts"}],"about":[{"href":"https:\/\/sp174.waw.pl\/index.php?rest_route=\/wp\/v2\/types\/post"}],"author":[{"embeddable":true,"href":"https:\/\/sp174.waw.pl\/index.php?rest_route=\/wp\/v2\/users\/1"}],"replies":[{"embeddable":true,"href":"https:\/\/sp174.waw.pl\/index.php?rest_route=%2Fwp%2Fv2%2Fcomments&post=2412"}],"version-history":[{"count":1,"href":"https:\/\/sp174.waw.pl\/index.php?rest_route=\/wp\/v2\/posts\/2412\/revisions"}],"predecessor-version":[{"id":2418,"href":"https:\/\/sp174.waw.pl\/index.php?rest_route=\/wp\/v2\/posts\/2412\/revisions\/2418"}],"wp:attachment":[{"href":"https:\/\/sp174.waw.pl\/index.php?rest_route=%2Fwp%2Fv2%2Fmedia&parent=2412"}],"wp:term":[{"taxonomy":"category","embeddable":true,"href":"https:\/\/sp174.waw.pl\/index.php?rest_route=%2Fwp%2Fv2%2Fcategories&post=2412"},{"taxonomy":"post_tag","embeddable":true,"href":"https:\/\/sp174.waw.pl\/index.php?rest_route=%2Fwp%2Fv2%2Ftags&post=2412"}],"curies":[{"name":"wp","href":"https:\/\/api.w.org\/{rel}","templated":true}]}}