{"id":2455,"date":"2023-09-26T19:33:09","date_gmt":"2023-09-26T17:33:09","guid":{"rendered":"https:\/\/sp174.waw.pl\/?p=2455"},"modified":"2023-09-26T19:33:10","modified_gmt":"2023-09-26T17:33:10","slug":"klasa-iiia-rozpoczela-realizacje-ogolnopolskiego-projektu-edukacyjnego-klasa-w-terenie","status":"publish","type":"post","link":"https:\/\/sp174.waw.pl\/?p=2455","title":{"rendered":"Klasa IIIa rozpocz\u0119\u0142a realizacj\u0119 Og\u00f3lnopolskiego Projektu Edukacyjnego ,,Klasa w Terenie\u201d."},"content":{"rendered":"\n\n\n<p>We wrze\u015bniu klasa IIIa rozpocz\u0119\u0142a realizacj\u0119 Og\u00f3lnopolskiego Projektu Edukacyjnego ,,Klasa w Terenie\u201d. G\u0142\u00f3wnym celem projektu jest promowanie warto\u015bci edukacji na \u015bwie\u017cym powietrzu. Zach\u0119cenie nauczycieli i uczni\u00f3w do \u201eopuszczenia\u201d swoich sal lekcyjnych i sp\u0119dzenia czasu poza budynkiem szko\u0142y. Wszystko po to, aby promowa\u0107 edukacj\u0119 terenow\u0105. Klasa IIIa w\u0142a\u015bnie wykona\u0142a zadanie 2, kt\u00f3re polega\u0142o na wykonaniu pracy plastycznej z dar\u00f3w jesieni. Zdecydowali\u015bmy si\u0119 na jesienne bukiety. Wykonane prace bardzo nam si\u0119 podobaj\u0105. Ju\u017c nied\u0142ugo przed nam kolejne zadanie. Oczywi\u015bcie wykonamy je na \u015bwie\u017cym powietrzu.<\/p>\n\n\n\n<figure class=\"wp-block-image size-large\"><img loading=\"lazy\" decoding=\"async\" width=\"1024\" height=\"819\" src=\"https:\/\/sp174.waw.pl\/wp-content\/uploads\/2023\/09\/380197413_1015857892798756_2975809263116076582_n-1024x819.png\" alt=\"\" class=\"wp-image-2456\" srcset=\"https:\/\/sp174.waw.pl\/wp-content\/uploads\/2023\/09\/380197413_1015857892798756_2975809263116076582_n-1024x819.png 1024w, https:\/\/sp174.waw.pl\/wp-content\/uploads\/2023\/09\/380197413_1015857892798756_2975809263116076582_n-300x240.png 300w, https:\/\/sp174.waw.pl\/wp-content\/uploads\/2023\/09\/380197413_1015857892798756_2975809263116076582_n-768x614.png 768w, https:\/\/sp174.waw.pl\/wp-content\/uploads\/2023\/09\/380197413_1015857892798756_2975809263116076582_n-1536x1229.png 1536w, https:\/\/sp174.waw.pl\/wp-content\/uploads\/2023\/09\/380197413_1015857892798756_2975809263116076582_n-1350x1080.png 1350w, https:\/\/sp174.waw.pl\/wp-content\/uploads\/2023\/09\/380197413_1015857892798756_2975809263116076582_n.png 2000w\" sizes=\"auto, (max-width: 1024px) 100vw, 1024px\" \/><\/figure>\n","protected":false},"excerpt":{"rendered":"<p>We wrze\u015bniu klasa IIIa rozpocz\u0119\u0142a realizacj\u0119 Og\u00f3lnopolskiego Projektu Edukacyjnego ,,Klasa w Terenie\u201d. G\u0142\u00f3wnym celem projektu jest promowanie warto\u015bci edukacji na \u015bwie\u017cym powietrzu. Zach\u0119cenie nauczycieli i uczni\u00f3w do \u201eopuszczenia\u201d swoich sal lekcyjnych i sp\u0119dzenia czasu poza budynkiem szko\u0142y. Wszystko po to, aby promowa\u0107 edukacj\u0119 terenow\u0105. Klasa IIIa w\u0142a\u015bnie wykona\u0142a zadanie 2, kt\u00f3re polega\u0142o na wykonaniu pracy&hellip; <br \/> <a class=\"read-more\" href=\"https:\/\/sp174.waw.pl\/?p=2455\">Czytaj dalej<\/a><\/p>\n","protected":false},"author":1,"featured_media":0,"comment_status":"closed","ping_status":"closed","sticky":false,"template":"","format":"standard","meta":{"footnotes":""},"categories":[1],"tags":[],"class_list":["post-2455","post","type-post","status-publish","format-standard","hentry","category-bez-kategorii"],"_links":{"self":[{"href":"https:\/\/sp174.waw.pl\/index.php?rest_route=\/wp\/v2\/posts\/2455","targetHints":{"allow":["GET"]}}],"collection":[{"href":"https:\/\/sp174.waw.pl\/index.php?rest_route=\/wp\/v2\/posts"}],"about":[{"href":"https:\/\/sp174.waw.pl\/index.php?rest_route=\/wp\/v2\/types\/post"}],"author":[{"embeddable":true,"href":"https:\/\/sp174.waw.pl\/index.php?rest_route=\/wp\/v2\/users\/1"}],"replies":[{"embeddable":true,"href":"https:\/\/sp174.waw.pl\/index.php?rest_route=%2Fwp%2Fv2%2Fcomments&post=2455"}],"version-history":[{"count":1,"href":"https:\/\/sp174.waw.pl\/index.php?rest_route=\/wp\/v2\/posts\/2455\/revisions"}],"predecessor-version":[{"id":2457,"href":"https:\/\/sp174.waw.pl\/index.php?rest_route=\/wp\/v2\/posts\/2455\/revisions\/2457"}],"wp:attachment":[{"href":"https:\/\/sp174.waw.pl\/index.php?rest_route=%2Fwp%2Fv2%2Fmedia&parent=2455"}],"wp:term":[{"taxonomy":"category","embeddable":true,"href":"https:\/\/sp174.waw.pl\/index.php?rest_route=%2Fwp%2Fv2%2Fcategories&post=2455"},{"taxonomy":"post_tag","embeddable":true,"href":"https:\/\/sp174.waw.pl\/index.php?rest_route=%2Fwp%2Fv2%2Ftags&post=2455"}],"curies":[{"name":"wp","href":"https:\/\/api.w.org\/{rel}","templated":true}]}}