{"id":2480,"date":"2023-09-26T19:45:15","date_gmt":"2023-09-26T17:45:15","guid":{"rendered":"https:\/\/sp174.waw.pl\/?p=2480"},"modified":"2023-10-12T19:46:50","modified_gmt":"2023-10-12T17:46:50","slug":"europejski-dzien-jezykow-2","status":"publish","type":"post","link":"https:\/\/sp174.waw.pl\/?p=2480","title":{"rendered":"Europejski Dzie\u0144 J\u0119zyk\u00f3w"},"content":{"rendered":"<ol start=\"26\">\n<li>wrze\u015bnia w naszej szkole odby\u0142 si\u0119 Europejski Dzie\u0144 J\u0119zyk\u00f3w.<\/li>\n<\/ol>\n<p>Klasy wzi\u0119\u0142y udzia\u0142 w losowaniu i wylosowa\u0142y nast\u0119puj\u0105ce kraje:<\/p>\n<p>1a Francja, 1b Hiszpania, 2a Chorwacja, 2b Szwecja, 3a Ukraina, 3b Grecja, 4a Turcja, 5a Czechy,\u00a0\u00a0\u00a0\u00a0\u00a0\u00a0 6a Wielka Brytania, 6b Niemcy, 7a Bu\u0142garia, 7b Cypr, 8a W\u0142ochy.<\/p>\n<p>Wszystkie klasy przygotowa\u0142y projekty w formie plakat\u00f3w na temat wylosowanego kraju i u\u017cywanego w nim j\u0119zyka\/j\u0119zyk\u00f3w. Klasy m\u0142odsze 1-3 umieszcza\u0142y na swoim plakacie nazw\u0119 kraju, jego flag\u0119 oraz kilka s\u0142\u00f3w w j\u0119zyku narodowym (pozdrowienia, zwroty grzeczno\u015bciowe).<\/p>\n<p>Klasy starsze opr\u00f3cz flagi i kilku s\u0142\u00f3w\u00a0 pisa\u0142y na plakatach tak\u017ce interesuj\u0105ce wiadomo\u015bci i ciekawostki na temat danego kraju.<\/p>\n<p>Projekty przygotowywali\u015bmy klasowo do 26. wrze\u015bnia i dekorowali\u015bmy nimi korytarze szkolne.<\/p>\n<p>Niekt\u00f3rzy uczniowie przebrali si\u0119 tak\u017ce w\u00a0 do stroje ludowe\/narodowe oraz cz\u0119stowali przysmakami regionalnymi uczni\u00f3w pozosta\u0142ych klas.<\/p>\n<p>Dla klas starszych w tym dniu odby\u0142 si\u0119 quiz wiedzy z j\u0119zyka francuskiego i j\u0119zyka angielskiego. Brali w nim udzia\u0142 uczniowie klas 4-8 na d\u0142ugiej przerwie (12:25-12:45). Klasy 6-8 odpowiada\u0142y na pytania dotycz\u0105ce j\u0119zyka angielskiego i francuskiego. Klasy 4-5 bra\u0142y udzia\u0142 w toungue twisters (\u0142amacze j\u0119zyka).<\/p>\n<ol start=\"26\">\n<li>Wrze\u015bnia uczcili\u015bmy Europejski Dzie\u0144 J\u0119zyk\u00f3w wprowadzaj\u0105c wymian\u0119 j\u0119zykowo-kulturow\u0105 pomi\u0119dzy klasami-pa\u0144stwami.<\/li>\n<\/ol>\n<p>To by\u0142 czas owocnej pracy i udanej zabawy dzi\u0119ki pomocy i zaanga\u017cowaniu ca\u0142ej spo\u0142eczno\u015bci szkolnej!<\/p>\n\n\n<figure class=\"wp-block-gallery has-nested-images columns-default is-cropped wp-block-gallery-1 is-layout-flex wp-block-gallery-is-layout-flex\">\n<figure class=\"wp-block-image size-large\"><img loading=\"lazy\" decoding=\"async\" width=\"1024\" height=\"461\" data-id=\"2485\" src=\"https:\/\/sp174.waw.pl\/wp-content\/uploads\/2023\/10\/20230926_090102_Easy-Resize.com_-1024x461.jpg\" alt=\"\" class=\"wp-image-2485\" srcset=\"https:\/\/sp174.waw.pl\/wp-content\/uploads\/2023\/10\/20230926_090102_Easy-Resize.com_-1024x461.jpg 1024w, https:\/\/sp174.waw.pl\/wp-content\/uploads\/2023\/10\/20230926_090102_Easy-Resize.com_-300x135.jpg 300w, https:\/\/sp174.waw.pl\/wp-content\/uploads\/2023\/10\/20230926_090102_Easy-Resize.com_-768x346.jpg 768w, https:\/\/sp174.waw.pl\/wp-content\/uploads\/2023\/10\/20230926_090102_Easy-Resize.com_.jpg 1280w\" sizes=\"auto, (max-width: 1024px) 100vw, 1024px\" \/><\/figure>\n\n\n\n<figure class=\"wp-block-image size-large\"><img loading=\"lazy\" decoding=\"async\" width=\"1024\" height=\"461\" data-id=\"2483\" src=\"https:\/\/sp174.waw.pl\/wp-content\/uploads\/2023\/10\/20230926_103943_Easy-Resize.com_-1024x461.jpg\" alt=\"\" class=\"wp-image-2483\" srcset=\"https:\/\/sp174.waw.pl\/wp-content\/uploads\/2023\/10\/20230926_103943_Easy-Resize.com_-1024x461.jpg 1024w, https:\/\/sp174.waw.pl\/wp-content\/uploads\/2023\/10\/20230926_103943_Easy-Resize.com_-300x135.jpg 300w, https:\/\/sp174.waw.pl\/wp-content\/uploads\/2023\/10\/20230926_103943_Easy-Resize.com_-768x346.jpg 768w, https:\/\/sp174.waw.pl\/wp-content\/uploads\/2023\/10\/20230926_103943_Easy-Resize.com_.jpg 1280w\" sizes=\"auto, (max-width: 1024px) 100vw, 1024px\" \/><\/figure>\n\n\n\n<figure class=\"wp-block-image size-large\"><img loading=\"lazy\" decoding=\"async\" width=\"1024\" height=\"461\" data-id=\"2484\" src=\"https:\/\/sp174.waw.pl\/wp-content\/uploads\/2023\/10\/20230926_113419_Easy-Resize.com_-1024x461.jpg\" alt=\"\" class=\"wp-image-2484\" srcset=\"https:\/\/sp174.waw.pl\/wp-content\/uploads\/2023\/10\/20230926_113419_Easy-Resize.com_-1024x461.jpg 1024w, https:\/\/sp174.waw.pl\/wp-content\/uploads\/2023\/10\/20230926_113419_Easy-Resize.com_-300x135.jpg 300w, https:\/\/sp174.waw.pl\/wp-content\/uploads\/2023\/10\/20230926_113419_Easy-Resize.com_-768x346.jpg 768w, https:\/\/sp174.waw.pl\/wp-content\/uploads\/2023\/10\/20230926_113419_Easy-Resize.com_.jpg 1280w\" sizes=\"auto, (max-width: 1024px) 100vw, 1024px\" \/><\/figure>\n\n\n\n<figure class=\"wp-block-image size-large\"><img loading=\"lazy\" decoding=\"async\" width=\"1024\" height=\"461\" data-id=\"2482\" src=\"https:\/\/sp174.waw.pl\/wp-content\/uploads\/2023\/10\/20230926_113442_Easy-Resize.com_-1024x461.jpg\" alt=\"\" class=\"wp-image-2482\" srcset=\"https:\/\/sp174.waw.pl\/wp-content\/uploads\/2023\/10\/20230926_113442_Easy-Resize.com_-1024x461.jpg 1024w, https:\/\/sp174.waw.pl\/wp-content\/uploads\/2023\/10\/20230926_113442_Easy-Resize.com_-300x135.jpg 300w, https:\/\/sp174.waw.pl\/wp-content\/uploads\/2023\/10\/20230926_113442_Easy-Resize.com_-768x346.jpg 768w, https:\/\/sp174.waw.pl\/wp-content\/uploads\/2023\/10\/20230926_113442_Easy-Resize.com_.jpg 1280w\" sizes=\"auto, (max-width: 1024px) 100vw, 1024px\" \/><\/figure>\n\n\n\n<figure class=\"wp-block-image size-large\"><img loading=\"lazy\" decoding=\"async\" width=\"1024\" height=\"1024\" data-id=\"2481\" src=\"https:\/\/sp174.waw.pl\/wp-content\/uploads\/2023\/10\/370328353_682551813976476_4477545276122780561_n-1024x1024.jpg\" alt=\"\" class=\"wp-image-2481\" srcset=\"https:\/\/sp174.waw.pl\/wp-content\/uploads\/2023\/10\/370328353_682551813976476_4477545276122780561_n-1024x1024.jpg 1024w, https:\/\/sp174.waw.pl\/wp-content\/uploads\/2023\/10\/370328353_682551813976476_4477545276122780561_n-300x300.jpg 300w, https:\/\/sp174.waw.pl\/wp-content\/uploads\/2023\/10\/370328353_682551813976476_4477545276122780561_n-150x150.jpg 150w, https:\/\/sp174.waw.pl\/wp-content\/uploads\/2023\/10\/370328353_682551813976476_4477545276122780561_n-768x768.jpg 768w, https:\/\/sp174.waw.pl\/wp-content\/uploads\/2023\/10\/370328353_682551813976476_4477545276122780561_n-400x400.jpg 400w, https:\/\/sp174.waw.pl\/wp-content\/uploads\/2023\/10\/370328353_682551813976476_4477545276122780561_n-1536x1536.jpg 1536w, https:\/\/sp174.waw.pl\/wp-content\/uploads\/2023\/10\/370328353_682551813976476_4477545276122780561_n-1080x1080.jpg 1080w, https:\/\/sp174.waw.pl\/wp-content\/uploads\/2023\/10\/370328353_682551813976476_4477545276122780561_n.jpg 1875w\" sizes=\"auto, (max-width: 1024px) 100vw, 1024px\" \/><\/figure>\n<\/figure>\n","protected":false},"excerpt":{"rendered":"<p>wrze\u015bnia w naszej szkole odby\u0142 si\u0119 Europejski Dzie\u0144 J\u0119zyk\u00f3w. Klasy wzi\u0119\u0142y udzia\u0142 w losowaniu i wylosowa\u0142y nast\u0119puj\u0105ce kraje: 1a Francja, 1b Hiszpania, 2a Chorwacja, 2b Szwecja, 3a Ukraina, 3b Grecja, 4a Turcja, 5a Czechy,\u00a0\u00a0\u00a0\u00a0\u00a0\u00a0 6a Wielka Brytania, 6b Niemcy, 7a Bu\u0142garia, 7b Cypr, 8a W\u0142ochy. Wszystkie klasy przygotowa\u0142y projekty w formie plakat\u00f3w na temat wylosowanego&hellip; <br \/> <a class=\"read-more\" href=\"https:\/\/sp174.waw.pl\/?p=2480\">Czytaj dalej<\/a><\/p>\n","protected":false},"author":1,"featured_media":0,"comment_status":"closed","ping_status":"closed","sticky":false,"template":"","format":"standard","meta":{"footnotes":""},"categories":[1],"tags":[],"class_list":["post-2480","post","type-post","status-publish","format-standard","hentry","category-bez-kategorii"],"_links":{"self":[{"href":"https:\/\/sp174.waw.pl\/index.php?rest_route=\/wp\/v2\/posts\/2480","targetHints":{"allow":["GET"]}}],"collection":[{"href":"https:\/\/sp174.waw.pl\/index.php?rest_route=\/wp\/v2\/posts"}],"about":[{"href":"https:\/\/sp174.waw.pl\/index.php?rest_route=\/wp\/v2\/types\/post"}],"author":[{"embeddable":true,"href":"https:\/\/sp174.waw.pl\/index.php?rest_route=\/wp\/v2\/users\/1"}],"replies":[{"embeddable":true,"href":"https:\/\/sp174.waw.pl\/index.php?rest_route=%2Fwp%2Fv2%2Fcomments&post=2480"}],"version-history":[{"count":1,"href":"https:\/\/sp174.waw.pl\/index.php?rest_route=\/wp\/v2\/posts\/2480\/revisions"}],"predecessor-version":[{"id":2486,"href":"https:\/\/sp174.waw.pl\/index.php?rest_route=\/wp\/v2\/posts\/2480\/revisions\/2486"}],"wp:attachment":[{"href":"https:\/\/sp174.waw.pl\/index.php?rest_route=%2Fwp%2Fv2%2Fmedia&parent=2480"}],"wp:term":[{"taxonomy":"category","embeddable":true,"href":"https:\/\/sp174.waw.pl\/index.php?rest_route=%2Fwp%2Fv2%2Fcategories&post=2480"},{"taxonomy":"post_tag","embeddable":true,"href":"https:\/\/sp174.waw.pl\/index.php?rest_route=%2Fwp%2Fv2%2Ftags&post=2480"}],"curies":[{"name":"wp","href":"https:\/\/api.w.org\/{rel}","templated":true}]}}