{"id":2488,"date":"2023-10-18T21:48:21","date_gmt":"2023-10-18T19:48:21","guid":{"rendered":"https:\/\/sp174.waw.pl\/?p=2488"},"modified":"2023-10-18T21:48:21","modified_gmt":"2023-10-18T19:48:21","slug":"mamy-swojego-reprezentanta-w-mlodziezowej-radzie-dzielnicy-wesola","status":"publish","type":"post","link":"https:\/\/sp174.waw.pl\/?p=2488","title":{"rendered":"MAMY \u201eSWOJEGO\u201d REPREZENTANTA W M\u0141ODZIE\u017bOWEJ RADZIE Dzielnicy Weso\u0142a!"},"content":{"rendered":"<p>M\u0142odzie\u017cowa Rada Miasta pozwala najm\u0142odszym mieszka\u0144com naszego miasta bra\u0107 udzia\u0142 w podejmowaniu decyzji dotycz\u0105cych spraw zwi\u0105zanych z rozwojem Dzielnicy Weso\u0142a. Organ ten pe\u0142ni r\u00f3wnie\u017c funkcje doradcze i opiniuje dzia\u0142ania podejmowane przez burmistrza lub \u201edoros\u0142\u0105\u201d Rad\u0119 Miasta.\u00a0W sk\u0142adzie m\u0142odzie\u017cowej Rady Dzielnicy Weso\u0142a znalaz\u0142 si\u0119 ucze\u0144 naszej szko\u0142y\u00a0<strong>Mateusz \u0141okaj kl. VIIb.<\/strong><\/p>\n<p>Mateusz gratulujmy i \u017cyczymy du\u017co pomys\u0142\u00f3w i owocnej pracy.<\/p>\n\n\n<figure class=\"wp-block-image size-large\"><img loading=\"lazy\" decoding=\"async\" width=\"700\" height=\"1024\" src=\"https:\/\/sp174.waw.pl\/wp-content\/uploads\/2023\/10\/393573756_6817013351670409_1648655042890588406_n-700x1024.jpg\" alt=\"\" class=\"wp-image-2489\" srcset=\"https:\/\/sp174.waw.pl\/wp-content\/uploads\/2023\/10\/393573756_6817013351670409_1648655042890588406_n-700x1024.jpg 700w, https:\/\/sp174.waw.pl\/wp-content\/uploads\/2023\/10\/393573756_6817013351670409_1648655042890588406_n-205x300.jpg 205w, https:\/\/sp174.waw.pl\/wp-content\/uploads\/2023\/10\/393573756_6817013351670409_1648655042890588406_n-768x1124.jpg 768w, https:\/\/sp174.waw.pl\/wp-content\/uploads\/2023\/10\/393573756_6817013351670409_1648655042890588406_n-1049x1536.jpg 1049w, https:\/\/sp174.waw.pl\/wp-content\/uploads\/2023\/10\/393573756_6817013351670409_1648655042890588406_n-1024x1499.jpg 1024w, https:\/\/sp174.waw.pl\/wp-content\/uploads\/2023\/10\/393573756_6817013351670409_1648655042890588406_n-738x1080.jpg 738w, https:\/\/sp174.waw.pl\/wp-content\/uploads\/2023\/10\/393573756_6817013351670409_1648655042890588406_n.jpg 1143w\" sizes=\"auto, (max-width: 700px) 100vw, 700px\" \/><\/figure>\n","protected":false},"excerpt":{"rendered":"<p>M\u0142odzie\u017cowa Rada Miasta pozwala najm\u0142odszym mieszka\u0144com naszego miasta bra\u0107 udzia\u0142 w podejmowaniu decyzji dotycz\u0105cych spraw zwi\u0105zanych z rozwojem Dzielnicy Weso\u0142a. Organ ten pe\u0142ni r\u00f3wnie\u017c funkcje doradcze i opiniuje dzia\u0142ania podejmowane przez burmistrza lub \u201edoros\u0142\u0105\u201d Rad\u0119 Miasta.\u00a0W sk\u0142adzie m\u0142odzie\u017cowej Rady Dzielnicy Weso\u0142a znalaz\u0142 si\u0119 ucze\u0144 naszej szko\u0142y\u00a0Mateusz \u0141okaj kl. VIIb. Mateusz gratulujmy i \u017cyczymy du\u017co pomys\u0142\u00f3w&hellip; <br \/> <a class=\"read-more\" href=\"https:\/\/sp174.waw.pl\/?p=2488\">Czytaj dalej<\/a><\/p>\n","protected":false},"author":1,"featured_media":0,"comment_status":"closed","ping_status":"closed","sticky":false,"template":"","format":"standard","meta":{"footnotes":""},"categories":[1],"tags":[],"class_list":["post-2488","post","type-post","status-publish","format-standard","hentry","category-bez-kategorii"],"_links":{"self":[{"href":"https:\/\/sp174.waw.pl\/index.php?rest_route=\/wp\/v2\/posts\/2488","targetHints":{"allow":["GET"]}}],"collection":[{"href":"https:\/\/sp174.waw.pl\/index.php?rest_route=\/wp\/v2\/posts"}],"about":[{"href":"https:\/\/sp174.waw.pl\/index.php?rest_route=\/wp\/v2\/types\/post"}],"author":[{"embeddable":true,"href":"https:\/\/sp174.waw.pl\/index.php?rest_route=\/wp\/v2\/users\/1"}],"replies":[{"embeddable":true,"href":"https:\/\/sp174.waw.pl\/index.php?rest_route=%2Fwp%2Fv2%2Fcomments&post=2488"}],"version-history":[{"count":1,"href":"https:\/\/sp174.waw.pl\/index.php?rest_route=\/wp\/v2\/posts\/2488\/revisions"}],"predecessor-version":[{"id":2490,"href":"https:\/\/sp174.waw.pl\/index.php?rest_route=\/wp\/v2\/posts\/2488\/revisions\/2490"}],"wp:attachment":[{"href":"https:\/\/sp174.waw.pl\/index.php?rest_route=%2Fwp%2Fv2%2Fmedia&parent=2488"}],"wp:term":[{"taxonomy":"category","embeddable":true,"href":"https:\/\/sp174.waw.pl\/index.php?rest_route=%2Fwp%2Fv2%2Fcategories&post=2488"},{"taxonomy":"post_tag","embeddable":true,"href":"https:\/\/sp174.waw.pl\/index.php?rest_route=%2Fwp%2Fv2%2Ftags&post=2488"}],"curies":[{"name":"wp","href":"https:\/\/api.w.org\/{rel}","templated":true}]}}