{"id":2614,"date":"2023-10-25T18:24:05","date_gmt":"2023-10-25T16:24:05","guid":{"rendered":"https:\/\/sp174.waw.pl\/?p=2614"},"modified":"2023-11-06T18:25:03","modified_gmt":"2023-11-06T17:25:03","slug":"koncert-muzyki-brazylijskiej","status":"publish","type":"post","link":"https:\/\/sp174.waw.pl\/?p=2614","title":{"rendered":"KONCERT MUZYKI BRAZYLIJSKIEJ"},"content":{"rendered":"<p>Dnia 25 pa\u017adziernika 2023 r. odby\u0142 si\u0119 kolejny koncert w naszej szkole. By\u0142o to wspomnienie wakacji i przedsmak karnawa\u0142u. Zr\u00f3\u017cnicowany muzycznie, pe\u0142en kolor\u00f3w i ciekawych instrument\u00f3w etnicznych\u00a0 takich jak: cuica, berimbau, surdo, cavaquinho, shekere, pandeiro. Podatna na wp\u0142ywy muzyka brazylijska wykszta\u0142ci\u0142a rytmy, kt\u00f3re s\u0105 znane i popularne na ca\u0142ym \u015bwiecie. Samba, lambada, bossanova \u2013 piosenki oparte na tych formach nucimy wsz\u0119dzie. Ucznowie poznali r\u00f3wnie\u017c <strong>Capoeira, <\/strong>brazylijsk\u0105 sztuk\u0119 walki-ta\u0144ca.<\/p>\n<p><em>Marzena Delak<\/em><\/p>\n\n\n<figure class=\"wp-block-gallery has-nested-images columns-default is-cropped wp-block-gallery-1 is-layout-flex wp-block-gallery-is-layout-flex\">\n<figure class=\"wp-block-image size-large\"><img loading=\"lazy\" decoding=\"async\" width=\"1024\" height=\"1024\" data-id=\"2615\" src=\"https:\/\/sp174.waw.pl\/wp-content\/uploads\/2023\/11\/IMG_5374-1024x1024.jpg\" alt=\"\" class=\"wp-image-2615\" srcset=\"https:\/\/sp174.waw.pl\/wp-content\/uploads\/2023\/11\/IMG_5374-1024x1024.jpg 1024w, https:\/\/sp174.waw.pl\/wp-content\/uploads\/2023\/11\/IMG_5374-300x300.jpg 300w, https:\/\/sp174.waw.pl\/wp-content\/uploads\/2023\/11\/IMG_5374-150x150.jpg 150w, https:\/\/sp174.waw.pl\/wp-content\/uploads\/2023\/11\/IMG_5374-768x768.jpg 768w, https:\/\/sp174.waw.pl\/wp-content\/uploads\/2023\/11\/IMG_5374-400x400.jpg 400w, https:\/\/sp174.waw.pl\/wp-content\/uploads\/2023\/11\/IMG_5374-1536x1536.jpg 1536w, https:\/\/sp174.waw.pl\/wp-content\/uploads\/2023\/11\/IMG_5374-1080x1080.jpg 1080w, https:\/\/sp174.waw.pl\/wp-content\/uploads\/2023\/11\/IMG_5374.jpg 1800w\" sizes=\"auto, (max-width: 1024px) 100vw, 1024px\" \/><\/figure>\n\n\n\n<figure class=\"wp-block-image size-large\"><img loading=\"lazy\" decoding=\"async\" width=\"1024\" height=\"1024\" data-id=\"2616\" src=\"https:\/\/sp174.waw.pl\/wp-content\/uploads\/2023\/11\/IMG_5375-1024x1024.jpg\" alt=\"\" class=\"wp-image-2616\" srcset=\"https:\/\/sp174.waw.pl\/wp-content\/uploads\/2023\/11\/IMG_5375-1024x1024.jpg 1024w, https:\/\/sp174.waw.pl\/wp-content\/uploads\/2023\/11\/IMG_5375-300x300.jpg 300w, https:\/\/sp174.waw.pl\/wp-content\/uploads\/2023\/11\/IMG_5375-150x150.jpg 150w, https:\/\/sp174.waw.pl\/wp-content\/uploads\/2023\/11\/IMG_5375-768x768.jpg 768w, https:\/\/sp174.waw.pl\/wp-content\/uploads\/2023\/11\/IMG_5375-400x400.jpg 400w, https:\/\/sp174.waw.pl\/wp-content\/uploads\/2023\/11\/IMG_5375-1536x1536.jpg 1536w, https:\/\/sp174.waw.pl\/wp-content\/uploads\/2023\/11\/IMG_5375-1080x1080.jpg 1080w, https:\/\/sp174.waw.pl\/wp-content\/uploads\/2023\/11\/IMG_5375.jpg 1800w\" sizes=\"auto, (max-width: 1024px) 100vw, 1024px\" \/><\/figure>\n<\/figure>\n","protected":false},"excerpt":{"rendered":"<p>Dnia 25 pa\u017adziernika 2023 r. odby\u0142 si\u0119 kolejny koncert w naszej szkole. By\u0142o to wspomnienie wakacji i przedsmak karnawa\u0142u. Zr\u00f3\u017cnicowany muzycznie, pe\u0142en kolor\u00f3w i ciekawych instrument\u00f3w etnicznych\u00a0 takich jak: cuica, berimbau, surdo, cavaquinho, shekere, pandeiro. Podatna na wp\u0142ywy muzyka brazylijska wykszta\u0142ci\u0142a rytmy, kt\u00f3re s\u0105 znane i popularne na ca\u0142ym \u015bwiecie. Samba, lambada, bossanova \u2013 piosenki&hellip; <br \/> <a class=\"read-more\" href=\"https:\/\/sp174.waw.pl\/?p=2614\">Czytaj dalej<\/a><\/p>\n","protected":false},"author":1,"featured_media":0,"comment_status":"closed","ping_status":"closed","sticky":false,"template":"","format":"standard","meta":{"footnotes":""},"categories":[1],"tags":[],"class_list":["post-2614","post","type-post","status-publish","format-standard","hentry","category-bez-kategorii"],"_links":{"self":[{"href":"https:\/\/sp174.waw.pl\/index.php?rest_route=\/wp\/v2\/posts\/2614","targetHints":{"allow":["GET"]}}],"collection":[{"href":"https:\/\/sp174.waw.pl\/index.php?rest_route=\/wp\/v2\/posts"}],"about":[{"href":"https:\/\/sp174.waw.pl\/index.php?rest_route=\/wp\/v2\/types\/post"}],"author":[{"embeddable":true,"href":"https:\/\/sp174.waw.pl\/index.php?rest_route=\/wp\/v2\/users\/1"}],"replies":[{"embeddable":true,"href":"https:\/\/sp174.waw.pl\/index.php?rest_route=%2Fwp%2Fv2%2Fcomments&post=2614"}],"version-history":[{"count":1,"href":"https:\/\/sp174.waw.pl\/index.php?rest_route=\/wp\/v2\/posts\/2614\/revisions"}],"predecessor-version":[{"id":2617,"href":"https:\/\/sp174.waw.pl\/index.php?rest_route=\/wp\/v2\/posts\/2614\/revisions\/2617"}],"wp:attachment":[{"href":"https:\/\/sp174.waw.pl\/index.php?rest_route=%2Fwp%2Fv2%2Fmedia&parent=2614"}],"wp:term":[{"taxonomy":"category","embeddable":true,"href":"https:\/\/sp174.waw.pl\/index.php?rest_route=%2Fwp%2Fv2%2Fcategories&post=2614"},{"taxonomy":"post_tag","embeddable":true,"href":"https:\/\/sp174.waw.pl\/index.php?rest_route=%2Fwp%2Fv2%2Ftags&post=2614"}],"curies":[{"name":"wp","href":"https:\/\/api.w.org\/{rel}","templated":true}]}}