{"id":2618,"date":"2023-10-26T18:25:33","date_gmt":"2023-10-26T16:25:33","guid":{"rendered":"https:\/\/sp174.waw.pl\/?p=2618"},"modified":"2023-11-06T18:26:22","modified_gmt":"2023-11-06T17:26:22","slug":"klasy-trzecie-w-teatrze-capitol","status":"publish","type":"post","link":"https:\/\/sp174.waw.pl\/?p=2618","title":{"rendered":"KLASY TRZECIE W TEATRZE CAPITOL"},"content":{"rendered":"<p>Dnia 26 pa\u017adziernika 2023 r. uczniowie klas trzecich pojechali do Teatru Capitlol na spektakl pt. \u201eKr\u00f3lowa \u015aniegu\u201d. To szkolna lektura, ale r\u00f3wnie\u017c ponadczasowa ba\u015b\u0144 Hansa Christiana Anderesa, kt\u00f3ra pokazuje odwieczn\u0105 walk\u0119 dobra i z\u0142a oraz si\u0142\u0119 mi\u0142o\u015bci. Gro\u017ana Kraina Lodu, z\u0142a i pi\u0119kna kr\u00f3lowa, rozbite kawa\u0142ki zaczarowanego zwierciad\u0142a i przygody Gerdy, kt\u00f3ra niestrudzenie usi\u0142uje odnale\u017a\u0107 Kaja okraszona wspania\u0142\u0105 scenografi\u0105, muzyk\u0105 i piosenkami bardzo spodoba\u0142a\u00a0 si\u0119 m\u0142odym widzom.<\/p>\n<p><em>Marzena Delak<\/em><\/p>\n\n\n<figure class=\"wp-block-image size-large\"><img loading=\"lazy\" decoding=\"async\" width=\"1024\" height=\"512\" src=\"https:\/\/sp174.waw.pl\/wp-content\/uploads\/2023\/11\/Teatyr-Capitol-1024x512.jpg\" alt=\"\" class=\"wp-image-2619\" srcset=\"https:\/\/sp174.waw.pl\/wp-content\/uploads\/2023\/11\/Teatyr-Capitol-1024x512.jpg 1024w, https:\/\/sp174.waw.pl\/wp-content\/uploads\/2023\/11\/Teatyr-Capitol-300x150.jpg 300w, https:\/\/sp174.waw.pl\/wp-content\/uploads\/2023\/11\/Teatyr-Capitol-768x384.jpg 768w, https:\/\/sp174.waw.pl\/wp-content\/uploads\/2023\/11\/Teatyr-Capitol-1536x768.jpg 1536w, https:\/\/sp174.waw.pl\/wp-content\/uploads\/2023\/11\/Teatyr-Capitol.jpg 1920w\" sizes=\"auto, (max-width: 1024px) 100vw, 1024px\" \/><\/figure>\n","protected":false},"excerpt":{"rendered":"<p>Dnia 26 pa\u017adziernika 2023 r. uczniowie klas trzecich pojechali do Teatru Capitlol na spektakl pt. \u201eKr\u00f3lowa \u015aniegu\u201d. To szkolna lektura, ale r\u00f3wnie\u017c ponadczasowa ba\u015b\u0144 Hansa Christiana Anderesa, kt\u00f3ra pokazuje odwieczn\u0105 walk\u0119 dobra i z\u0142a oraz si\u0142\u0119 mi\u0142o\u015bci. Gro\u017ana Kraina Lodu, z\u0142a i pi\u0119kna kr\u00f3lowa, rozbite kawa\u0142ki zaczarowanego zwierciad\u0142a i przygody Gerdy, kt\u00f3ra niestrudzenie usi\u0142uje odnale\u017a\u0107&hellip; <br \/> <a class=\"read-more\" href=\"https:\/\/sp174.waw.pl\/?p=2618\">Czytaj dalej<\/a><\/p>\n","protected":false},"author":1,"featured_media":0,"comment_status":"closed","ping_status":"closed","sticky":false,"template":"","format":"standard","meta":{"footnotes":""},"categories":[1],"tags":[],"class_list":["post-2618","post","type-post","status-publish","format-standard","hentry","category-bez-kategorii"],"_links":{"self":[{"href":"https:\/\/sp174.waw.pl\/index.php?rest_route=\/wp\/v2\/posts\/2618","targetHints":{"allow":["GET"]}}],"collection":[{"href":"https:\/\/sp174.waw.pl\/index.php?rest_route=\/wp\/v2\/posts"}],"about":[{"href":"https:\/\/sp174.waw.pl\/index.php?rest_route=\/wp\/v2\/types\/post"}],"author":[{"embeddable":true,"href":"https:\/\/sp174.waw.pl\/index.php?rest_route=\/wp\/v2\/users\/1"}],"replies":[{"embeddable":true,"href":"https:\/\/sp174.waw.pl\/index.php?rest_route=%2Fwp%2Fv2%2Fcomments&post=2618"}],"version-history":[{"count":1,"href":"https:\/\/sp174.waw.pl\/index.php?rest_route=\/wp\/v2\/posts\/2618\/revisions"}],"predecessor-version":[{"id":2620,"href":"https:\/\/sp174.waw.pl\/index.php?rest_route=\/wp\/v2\/posts\/2618\/revisions\/2620"}],"wp:attachment":[{"href":"https:\/\/sp174.waw.pl\/index.php?rest_route=%2Fwp%2Fv2%2Fmedia&parent=2618"}],"wp:term":[{"taxonomy":"category","embeddable":true,"href":"https:\/\/sp174.waw.pl\/index.php?rest_route=%2Fwp%2Fv2%2Fcategories&post=2618"},{"taxonomy":"post_tag","embeddable":true,"href":"https:\/\/sp174.waw.pl\/index.php?rest_route=%2Fwp%2Fv2%2Ftags&post=2618"}],"curies":[{"name":"wp","href":"https:\/\/api.w.org\/{rel}","templated":true}]}}