{"id":2624,"date":"2023-11-06T18:28:39","date_gmt":"2023-11-06T17:28:39","guid":{"rendered":"https:\/\/sp174.waw.pl\/?p=2624"},"modified":"2023-11-06T18:28:39","modified_gmt":"2023-11-06T17:28:39","slug":"prace-plastyczne-klasy-3b","status":"publish","type":"post","link":"https:\/\/sp174.waw.pl\/?p=2624","title":{"rendered":"PRACE PLASTYCZNE KLASY 3B"},"content":{"rendered":"<p class=\"Standard\" style=\"text-align: justify; text-justify: inter-ideograph;\">Prezentujemy wybrane prace plastyczne wykonane przez uczni\u00f3w klasy 3b. Cz\u0119\u015b\u0107 z nich wykonana zosta\u0142a w ramach realizacji <b>Og\u00f3lnopolskiego Programu Plastycznego \u2013 Kreatywne Prace Plastyczne.<\/b> Uczniowie zawsze ch\u0119tnie realizuj\u0105 zaj\u0119cia plastyczne. Mog\u0105 uwolni\u0107 wtedy swoj\u0105 kreatywno\u015b\u0107 i wyobra\u017ani\u0119. Cho\u0107 prace wykonywane s\u0105 na okre\u015blony temat, to ka\u017cda z nich jest inna i wyj\u0105tkowa.<\/p>\n<p class=\"Standard\" style=\"text-align: right;\" align=\"right\"><i>Marzena Delak<\/i><\/p>\n\n\n<figure class=\"wp-block-image size-large\"><img loading=\"lazy\" decoding=\"async\" width=\"1024\" height=\"512\" src=\"https:\/\/sp174.waw.pl\/wp-content\/uploads\/2023\/11\/Collage-2023-11-05-18_20_26-1024x512.jpg\" alt=\"\" class=\"wp-image-2625\" srcset=\"https:\/\/sp174.waw.pl\/wp-content\/uploads\/2023\/11\/Collage-2023-11-05-18_20_26-1024x512.jpg 1024w, https:\/\/sp174.waw.pl\/wp-content\/uploads\/2023\/11\/Collage-2023-11-05-18_20_26-300x150.jpg 300w, https:\/\/sp174.waw.pl\/wp-content\/uploads\/2023\/11\/Collage-2023-11-05-18_20_26-768x384.jpg 768w, https:\/\/sp174.waw.pl\/wp-content\/uploads\/2023\/11\/Collage-2023-11-05-18_20_26-1536x768.jpg 1536w, https:\/\/sp174.waw.pl\/wp-content\/uploads\/2023\/11\/Collage-2023-11-05-18_20_26.jpg 1920w\" sizes=\"auto, (max-width: 1024px) 100vw, 1024px\" \/><\/figure>\n","protected":false},"excerpt":{"rendered":"<p>Prezentujemy wybrane prace plastyczne wykonane przez uczni\u00f3w klasy 3b. Cz\u0119\u015b\u0107 z nich wykonana zosta\u0142a w ramach realizacji Og\u00f3lnopolskiego Programu Plastycznego \u2013 Kreatywne Prace Plastyczne. Uczniowie zawsze ch\u0119tnie realizuj\u0105 zaj\u0119cia plastyczne. Mog\u0105 uwolni\u0107 wtedy swoj\u0105 kreatywno\u015b\u0107 i wyobra\u017ani\u0119. Cho\u0107 prace wykonywane s\u0105 na okre\u015blony temat, to ka\u017cda z nich jest inna i wyj\u0105tkowa. Marzena Delak<\/p>\n","protected":false},"author":1,"featured_media":0,"comment_status":"closed","ping_status":"closed","sticky":false,"template":"","format":"standard","meta":{"footnotes":""},"categories":[1],"tags":[],"class_list":["post-2624","post","type-post","status-publish","format-standard","hentry","category-bez-kategorii"],"_links":{"self":[{"href":"https:\/\/sp174.waw.pl\/index.php?rest_route=\/wp\/v2\/posts\/2624","targetHints":{"allow":["GET"]}}],"collection":[{"href":"https:\/\/sp174.waw.pl\/index.php?rest_route=\/wp\/v2\/posts"}],"about":[{"href":"https:\/\/sp174.waw.pl\/index.php?rest_route=\/wp\/v2\/types\/post"}],"author":[{"embeddable":true,"href":"https:\/\/sp174.waw.pl\/index.php?rest_route=\/wp\/v2\/users\/1"}],"replies":[{"embeddable":true,"href":"https:\/\/sp174.waw.pl\/index.php?rest_route=%2Fwp%2Fv2%2Fcomments&post=2624"}],"version-history":[{"count":1,"href":"https:\/\/sp174.waw.pl\/index.php?rest_route=\/wp\/v2\/posts\/2624\/revisions"}],"predecessor-version":[{"id":2626,"href":"https:\/\/sp174.waw.pl\/index.php?rest_route=\/wp\/v2\/posts\/2624\/revisions\/2626"}],"wp:attachment":[{"href":"https:\/\/sp174.waw.pl\/index.php?rest_route=%2Fwp%2Fv2%2Fmedia&parent=2624"}],"wp:term":[{"taxonomy":"category","embeddable":true,"href":"https:\/\/sp174.waw.pl\/index.php?rest_route=%2Fwp%2Fv2%2Fcategories&post=2624"},{"taxonomy":"post_tag","embeddable":true,"href":"https:\/\/sp174.waw.pl\/index.php?rest_route=%2Fwp%2Fv2%2Ftags&post=2624"}],"curies":[{"name":"wp","href":"https:\/\/api.w.org\/{rel}","templated":true}]}}