{"id":2630,"date":"2023-11-07T22:20:40","date_gmt":"2023-11-07T21:20:40","guid":{"rendered":"https:\/\/sp174.waw.pl\/?p=2630"},"modified":"2023-11-07T22:20:40","modified_gmt":"2023-11-07T21:20:40","slug":"startujemy","status":"publish","type":"post","link":"https:\/\/sp174.waw.pl\/?p=2630","title":{"rendered":"STARTUJEMY"},"content":{"rendered":"<p>Od pa\u017adziernika 2023 do ko\u0144ca roku szkolnego wystartowa\u0142y w naszej szkole zaj\u0119cia Treningu Umiej\u0119tno\u015bci Spo\u0142ecznych w dw\u00f3ch kategoriach wiekowych \u2013 klasy 1-3\u00a0 i klasy 4-8.\u00a0 Socjalizacja dzieci i m\u0142odzie\u017cy nie zawsze idzie g\u0142adko, dlatego trening spo\u0142eczny jest wa\u017cny. Kluczowe kompetencje spo\u0142eczne mo\u017cna rozwija\u0107 dzi\u0119ki m.in. treningowi umiej\u0119tno\u015bci spo\u0142ecznych (TUS). Umiej\u0119tno\u015bci spo\u0142eczne pomagaj\u0105 w nawi\u0105zywaniu przyja\u017ani i w budowaniu trwa\u0142ych zwi\u0105zk\u00f3w. U\u0142atwiaj\u0105 funkcjonowanie w szkole, a potem w pracy, ale te\u017c w codziennych, \u017cyciowych sytuacjach.<strong>\u00a0<\/strong>Badania dowodz\u0105, \u017ce prawid\u0142owy rozw\u00f3j kompetencji spo\u0142ecznych w dzieci\u0144stwie zwi\u0119ksza mo\u017cliwo\u015bci poznawcze. Dzi\u0119ki temu dziecko ma lepsze wyniki w nauce, a w przysz\u0142o\u015bci lepiej radzi sobie w \u017cyciu zawodowym.\u00a0Pom\u00f3\u017cmy naszym uczniom.<\/p>\n<p>Ilona Babulewicz<\/p>\n<p>Katarzyna Kalbarczyk<\/p>\n\n\n<figure class=\"wp-block-image size-full\"><img loading=\"lazy\" decoding=\"async\" width=\"267\" height=\"189\" src=\"https:\/\/sp174.waw.pl\/wp-content\/uploads\/2023\/11\/tus.jpeg\" alt=\"\" class=\"wp-image-2631\"\/><\/figure>\n","protected":false},"excerpt":{"rendered":"<p>Od pa\u017adziernika 2023 do ko\u0144ca roku szkolnego wystartowa\u0142y w naszej szkole zaj\u0119cia Treningu Umiej\u0119tno\u015bci Spo\u0142ecznych w dw\u00f3ch kategoriach wiekowych \u2013 klasy 1-3\u00a0 i klasy 4-8.\u00a0 Socjalizacja dzieci i m\u0142odzie\u017cy nie zawsze idzie g\u0142adko, dlatego trening spo\u0142eczny jest wa\u017cny. Kluczowe kompetencje spo\u0142eczne mo\u017cna rozwija\u0107 dzi\u0119ki m.in. treningowi umiej\u0119tno\u015bci spo\u0142ecznych (TUS). Umiej\u0119tno\u015bci spo\u0142eczne pomagaj\u0105 w nawi\u0105zywaniu przyja\u017ani&hellip; <br \/> <a class=\"read-more\" href=\"https:\/\/sp174.waw.pl\/?p=2630\">Czytaj dalej<\/a><\/p>\n","protected":false},"author":1,"featured_media":0,"comment_status":"closed","ping_status":"closed","sticky":false,"template":"","format":"standard","meta":{"footnotes":""},"categories":[1],"tags":[],"class_list":["post-2630","post","type-post","status-publish","format-standard","hentry","category-bez-kategorii"],"_links":{"self":[{"href":"https:\/\/sp174.waw.pl\/index.php?rest_route=\/wp\/v2\/posts\/2630","targetHints":{"allow":["GET"]}}],"collection":[{"href":"https:\/\/sp174.waw.pl\/index.php?rest_route=\/wp\/v2\/posts"}],"about":[{"href":"https:\/\/sp174.waw.pl\/index.php?rest_route=\/wp\/v2\/types\/post"}],"author":[{"embeddable":true,"href":"https:\/\/sp174.waw.pl\/index.php?rest_route=\/wp\/v2\/users\/1"}],"replies":[{"embeddable":true,"href":"https:\/\/sp174.waw.pl\/index.php?rest_route=%2Fwp%2Fv2%2Fcomments&post=2630"}],"version-history":[{"count":1,"href":"https:\/\/sp174.waw.pl\/index.php?rest_route=\/wp\/v2\/posts\/2630\/revisions"}],"predecessor-version":[{"id":2632,"href":"https:\/\/sp174.waw.pl\/index.php?rest_route=\/wp\/v2\/posts\/2630\/revisions\/2632"}],"wp:attachment":[{"href":"https:\/\/sp174.waw.pl\/index.php?rest_route=%2Fwp%2Fv2%2Fmedia&parent=2630"}],"wp:term":[{"taxonomy":"category","embeddable":true,"href":"https:\/\/sp174.waw.pl\/index.php?rest_route=%2Fwp%2Fv2%2Fcategories&post=2630"},{"taxonomy":"post_tag","embeddable":true,"href":"https:\/\/sp174.waw.pl\/index.php?rest_route=%2Fwp%2Fv2%2Ftags&post=2630"}],"curies":[{"name":"wp","href":"https:\/\/api.w.org\/{rel}","templated":true}]}}