{"id":2636,"date":"2023-11-07T22:23:15","date_gmt":"2023-11-07T21:23:15","guid":{"rendered":"https:\/\/sp174.waw.pl\/?p=2636"},"modified":"2023-11-07T22:23:15","modified_gmt":"2023-11-07T21:23:15","slug":"niewidzialna-wystawa","status":"publish","type":"post","link":"https:\/\/sp174.waw.pl\/?p=2636","title":{"rendered":"NIEWIDZIALNA WYSTAWA\u00a0"},"content":{"rendered":"<p>Klasa 7A i klasa 8, wybra\u0142y si\u0119 na wystaw\u0119 w budynku Atlas Tower. Niewidzialna Wystawa to wyj\u0105tkowa interaktywna podr\u00f3\u017c w \u015bwiat ca\u0142kowitej ciemno\u015bci. Wyobra\u017acie sobie, \u017ce ga\u015bnie \u015bwiat\u0142o\u2026\u2026\u2026\u2026\u2026\u2026\u2026..<\/p>\n<p>i co wtedy, jak radzi\u0107 sobie w codziennych sytuacjach bez pomocy wzroku, tylko za pomoc\u0105 zmys\u0142u, s\u0142uchu, dotyku, w\u0119chu\u2026\u2026? Niewidzialna Wystawa przybli\u017ca nam perspektyw\u0119 do\u015bwiadczenia jednego, wsp\u00f3lnego \u015bwiata. Po wystawie oprowadza\u0142y nas Przewodnicy-osoby niewidome lub niedowidz\u0105ce. Odwiedzili\u015bmy specjalnie wyposa\u017cone i ca\u0142kiem wyciemnione pomieszczenia doskonale imituj\u0105ce scenerie z \u017cycia codziennego\u2026\u2026.. Ciekawe? Dziwne? Obce? A mo\u017ce naturalne? Czy godzina bycia niewidomym mo\u017ce otworzy\u0107 nam oczy?<\/p>\n<p>Katarzyna Kalbarczyk<\/p>\n<p><strong><br \/><br \/><\/strong><\/p>\n\n\n<figure class=\"wp-block-image size-full\"><img loading=\"lazy\" decoding=\"async\" width=\"200\" height=\"200\" src=\"https:\/\/sp174.waw.pl\/wp-content\/uploads\/2023\/11\/wystawa.jpeg\" alt=\"\" class=\"wp-image-2637\" srcset=\"https:\/\/sp174.waw.pl\/wp-content\/uploads\/2023\/11\/wystawa.jpeg 200w, https:\/\/sp174.waw.pl\/wp-content\/uploads\/2023\/11\/wystawa-150x150.jpeg 150w\" sizes=\"auto, (max-width: 200px) 100vw, 200px\" \/><\/figure>\n","protected":false},"excerpt":{"rendered":"<p>Klasa 7A i klasa 8, wybra\u0142y si\u0119 na wystaw\u0119 w budynku Atlas Tower. Niewidzialna Wystawa to wyj\u0105tkowa interaktywna podr\u00f3\u017c w \u015bwiat ca\u0142kowitej ciemno\u015bci. Wyobra\u017acie sobie, \u017ce ga\u015bnie \u015bwiat\u0142o\u2026\u2026\u2026\u2026\u2026\u2026\u2026.. i co wtedy, jak radzi\u0107 sobie w codziennych sytuacjach bez pomocy wzroku, tylko za pomoc\u0105 zmys\u0142u, s\u0142uchu, dotyku, w\u0119chu\u2026\u2026? Niewidzialna Wystawa przybli\u017ca nam perspektyw\u0119 do\u015bwiadczenia jednego, wsp\u00f3lnego&hellip; <br \/> <a class=\"read-more\" href=\"https:\/\/sp174.waw.pl\/?p=2636\">Czytaj dalej<\/a><\/p>\n","protected":false},"author":1,"featured_media":0,"comment_status":"closed","ping_status":"closed","sticky":false,"template":"","format":"standard","meta":{"footnotes":""},"categories":[1],"tags":[],"class_list":["post-2636","post","type-post","status-publish","format-standard","hentry","category-bez-kategorii"],"_links":{"self":[{"href":"https:\/\/sp174.waw.pl\/index.php?rest_route=\/wp\/v2\/posts\/2636","targetHints":{"allow":["GET"]}}],"collection":[{"href":"https:\/\/sp174.waw.pl\/index.php?rest_route=\/wp\/v2\/posts"}],"about":[{"href":"https:\/\/sp174.waw.pl\/index.php?rest_route=\/wp\/v2\/types\/post"}],"author":[{"embeddable":true,"href":"https:\/\/sp174.waw.pl\/index.php?rest_route=\/wp\/v2\/users\/1"}],"replies":[{"embeddable":true,"href":"https:\/\/sp174.waw.pl\/index.php?rest_route=%2Fwp%2Fv2%2Fcomments&post=2636"}],"version-history":[{"count":1,"href":"https:\/\/sp174.waw.pl\/index.php?rest_route=\/wp\/v2\/posts\/2636\/revisions"}],"predecessor-version":[{"id":2638,"href":"https:\/\/sp174.waw.pl\/index.php?rest_route=\/wp\/v2\/posts\/2636\/revisions\/2638"}],"wp:attachment":[{"href":"https:\/\/sp174.waw.pl\/index.php?rest_route=%2Fwp%2Fv2%2Fmedia&parent=2636"}],"wp:term":[{"taxonomy":"category","embeddable":true,"href":"https:\/\/sp174.waw.pl\/index.php?rest_route=%2Fwp%2Fv2%2Fcategories&post=2636"},{"taxonomy":"post_tag","embeddable":true,"href":"https:\/\/sp174.waw.pl\/index.php?rest_route=%2Fwp%2Fv2%2Ftags&post=2636"}],"curies":[{"name":"wp","href":"https:\/\/api.w.org\/{rel}","templated":true}]}}