{"id":2642,"date":"2023-11-13T18:30:13","date_gmt":"2023-11-13T17:30:13","guid":{"rendered":"https:\/\/sp174.waw.pl\/?p=2642"},"modified":"2023-11-13T18:30:13","modified_gmt":"2023-11-13T17:30:13","slug":"klasa-iiia-na-lekcji-muzealnej-w-zamku-krolewskim","status":"publish","type":"post","link":"https:\/\/sp174.waw.pl\/?p=2642","title":{"rendered":"Klasa IIIa na lekcji muzealnej w Zamku Kr\u00f3lewskim"},"content":{"rendered":"<p>Pa\u017adziernik w naszej klasie obfitowa\u0142 w wiele wydarze\u0144. Byli\u015bmy na lekcji muzealnej w Muzeum Powstania Warszawskiego, w Teatrze Capitol, ale uda\u0142o nam si\u0119 te\u017c odwiedzi\u0107 Zamek Kr\u00f3lewski. To miejsce, do kt\u00f3rego ch\u0119tnie wracamy, \u017ceby si\u0119 uczy\u0107 historii. Tym razem wybrali\u015bmy si\u0119 na wycieczk\u0119 do pracowni mistrza Matejko. Oprowadza\u0142 nas i czarowa\u0142 opowie\u015bciami przewodnik, kt\u00f3rego nie mogli\u015bmy si\u0119 nas\u0142ucha\u0107. Ciekawostki o poszukiwaniu modela do portretu kr\u00f3la, o edukacji Jana, o jego dumnym zachowaniu, umiej\u0119tno\u015bci odczytywania obraz\u00f3w, itd. sprawi\u0142y, \u017ce nie dostrzegali\u015bmy up\u0142ywu czasu, a pan widz\u0105c nasze \u017cywe zainteresowanie sporo przed\u0142u\u017cy\u0142 spotkanie. Opu\u015bcili\u015bmy Zamek nasi\u0105kni\u0119ci wiedz\u0105, zaciekawieni i usatysfakcjonowani tym, jak przebieg\u0142a nauka. Mo\u017cemy \u015bmia\u0142o powiedzie\u0107, \u017ce to by\u0142a jedna z najlepszych lekcji muzealnych w naszej dotychczasowej edukacji w szkole podstawowej!<\/p>\n<p>Anna Marczuk<\/p>\n\n\n<figure class=\"wp-block-image size-large\"><img loading=\"lazy\" decoding=\"async\" width=\"1024\" height=\"819\" src=\"https:\/\/sp174.waw.pl\/wp-content\/uploads\/2023\/11\/klasa-1024x819.png\" alt=\"\" class=\"wp-image-2643\" srcset=\"https:\/\/sp174.waw.pl\/wp-content\/uploads\/2023\/11\/klasa-1024x819.png 1024w, https:\/\/sp174.waw.pl\/wp-content\/uploads\/2023\/11\/klasa-300x240.png 300w, https:\/\/sp174.waw.pl\/wp-content\/uploads\/2023\/11\/klasa-768x614.png 768w, https:\/\/sp174.waw.pl\/wp-content\/uploads\/2023\/11\/klasa-1536x1229.png 1536w, https:\/\/sp174.waw.pl\/wp-content\/uploads\/2023\/11\/klasa-1350x1080.png 1350w, https:\/\/sp174.waw.pl\/wp-content\/uploads\/2023\/11\/klasa.png 2000w\" sizes=\"auto, (max-width: 1024px) 100vw, 1024px\" \/><\/figure>\n","protected":false},"excerpt":{"rendered":"<p>Pa\u017adziernik w naszej klasie obfitowa\u0142 w wiele wydarze\u0144. Byli\u015bmy na lekcji muzealnej w Muzeum Powstania Warszawskiego, w Teatrze Capitol, ale uda\u0142o nam si\u0119 te\u017c odwiedzi\u0107 Zamek Kr\u00f3lewski. To miejsce, do kt\u00f3rego ch\u0119tnie wracamy, \u017ceby si\u0119 uczy\u0107 historii. Tym razem wybrali\u015bmy si\u0119 na wycieczk\u0119 do pracowni mistrza Matejko. Oprowadza\u0142 nas i czarowa\u0142 opowie\u015bciami przewodnik, kt\u00f3rego nie&hellip; <br \/> <a class=\"read-more\" href=\"https:\/\/sp174.waw.pl\/?p=2642\">Czytaj dalej<\/a><\/p>\n","protected":false},"author":1,"featured_media":0,"comment_status":"closed","ping_status":"","sticky":false,"template":"","format":"standard","meta":{"footnotes":""},"categories":[1],"tags":[],"class_list":["post-2642","post","type-post","status-publish","format-standard","hentry","category-bez-kategorii"],"_links":{"self":[{"href":"https:\/\/sp174.waw.pl\/index.php?rest_route=\/wp\/v2\/posts\/2642","targetHints":{"allow":["GET"]}}],"collection":[{"href":"https:\/\/sp174.waw.pl\/index.php?rest_route=\/wp\/v2\/posts"}],"about":[{"href":"https:\/\/sp174.waw.pl\/index.php?rest_route=\/wp\/v2\/types\/post"}],"author":[{"embeddable":true,"href":"https:\/\/sp174.waw.pl\/index.php?rest_route=\/wp\/v2\/users\/1"}],"replies":[{"embeddable":true,"href":"https:\/\/sp174.waw.pl\/index.php?rest_route=%2Fwp%2Fv2%2Fcomments&post=2642"}],"version-history":[{"count":1,"href":"https:\/\/sp174.waw.pl\/index.php?rest_route=\/wp\/v2\/posts\/2642\/revisions"}],"predecessor-version":[{"id":2644,"href":"https:\/\/sp174.waw.pl\/index.php?rest_route=\/wp\/v2\/posts\/2642\/revisions\/2644"}],"wp:attachment":[{"href":"https:\/\/sp174.waw.pl\/index.php?rest_route=%2Fwp%2Fv2%2Fmedia&parent=2642"}],"wp:term":[{"taxonomy":"category","embeddable":true,"href":"https:\/\/sp174.waw.pl\/index.php?rest_route=%2Fwp%2Fv2%2Fcategories&post=2642"},{"taxonomy":"post_tag","embeddable":true,"href":"https:\/\/sp174.waw.pl\/index.php?rest_route=%2Fwp%2Fv2%2Ftags&post=2642"}],"curies":[{"name":"wp","href":"https:\/\/api.w.org\/{rel}","templated":true}]}}