{"id":2773,"date":"2023-11-08T20:50:00","date_gmt":"2023-11-08T19:50:00","guid":{"rendered":"https:\/\/sp174.waw.pl\/?p=2773"},"modified":"2024-02-11T20:52:41","modified_gmt":"2024-02-11T19:52:41","slug":"3b-w-parku-skaryszewskim","status":"publish","type":"post","link":"https:\/\/sp174.waw.pl\/?p=2773","title":{"rendered":"3B W PARKU SKARYSZEWSKIM"},"content":{"rendered":"<p class=\"Standard\" style=\"text-align: justify; text-justify: inter-ideograph;\">8 listopada 2023 r. uczniowie klasy 3b wybrali si\u0119 na wycieczk\u0119 przyrodnicz\u0105 do Parku Skaryszewskiego ze Sto\u0142ecznym Towarzystwem Ochrony Ptak\u00f3w. Park przywita\u0142 nas pi\u0119kn\u0105 jesienn\u0105 ods\u0142on\u0105. Dzieci mog\u0142y karmi\u0107 ptaki i wiewi\u00f3rki. Pozna\u0142y te\u017c wiele ciekawostek zwi\u0105zanych z faun\u0105 i flor\u0105 tego miejsca. Przy okazji dzieci obserwowa\u0142y chmury i pr\u00f3bowa\u0142y prognozowa\u0107 pogod\u0119. W drodze powrotnej zbierali\u015bmy li\u015bcie by potem wykona\u0107 prace technik\u0105 frota\u017cu.<\/p>\n<p class=\"Standard\" style=\"text-align: justify; text-justify: inter-ideograph;\">\u00a0<\/p>\n<p class=\"Standard\" style=\"text-align: right;\" align=\"right\"><i>Marzena Delak<\/i><\/p>\n\n\n<figure class=\"wp-block-gallery has-nested-images columns-default is-cropped wp-block-gallery-1 is-layout-flex wp-block-gallery-is-layout-flex\">\n<figure class=\"wp-block-image size-large\"><img loading=\"lazy\" decoding=\"async\" width=\"1024\" height=\"727\" data-id=\"2775\" src=\"https:\/\/sp174.waw.pl\/wp-content\/uploads\/2024\/02\/Collage-2024-02-11-10_08_38-1024x727.jpg\" alt=\"\" class=\"wp-image-2775\" srcset=\"https:\/\/sp174.waw.pl\/wp-content\/uploads\/2024\/02\/Collage-2024-02-11-10_08_38-1024x727.jpg 1024w, https:\/\/sp174.waw.pl\/wp-content\/uploads\/2024\/02\/Collage-2024-02-11-10_08_38-300x213.jpg 300w, https:\/\/sp174.waw.pl\/wp-content\/uploads\/2024\/02\/Collage-2024-02-11-10_08_38-768x545.jpg 768w, https:\/\/sp174.waw.pl\/wp-content\/uploads\/2024\/02\/Collage-2024-02-11-10_08_38.jpg 1200w\" sizes=\"auto, (max-width: 1024px) 100vw, 1024px\" \/><\/figure>\n\n\n\n<figure class=\"wp-block-image size-large\"><img loading=\"lazy\" decoding=\"async\" width=\"1024\" height=\"727\" data-id=\"2774\" src=\"https:\/\/sp174.waw.pl\/wp-content\/uploads\/2024\/02\/Collage-2024-02-11-10_10_53-1024x727.jpg\" alt=\"\" class=\"wp-image-2774\" srcset=\"https:\/\/sp174.waw.pl\/wp-content\/uploads\/2024\/02\/Collage-2024-02-11-10_10_53-1024x727.jpg 1024w, https:\/\/sp174.waw.pl\/wp-content\/uploads\/2024\/02\/Collage-2024-02-11-10_10_53-300x213.jpg 300w, https:\/\/sp174.waw.pl\/wp-content\/uploads\/2024\/02\/Collage-2024-02-11-10_10_53-768x545.jpg 768w, https:\/\/sp174.waw.pl\/wp-content\/uploads\/2024\/02\/Collage-2024-02-11-10_10_53.jpg 1200w\" sizes=\"auto, (max-width: 1024px) 100vw, 1024px\" \/><\/figure>\n<\/figure>\n","protected":false},"excerpt":{"rendered":"<p>8 listopada 2023 r. uczniowie klasy 3b wybrali si\u0119 na wycieczk\u0119 przyrodnicz\u0105 do Parku Skaryszewskiego ze Sto\u0142ecznym Towarzystwem Ochrony Ptak\u00f3w. Park przywita\u0142 nas pi\u0119kn\u0105 jesienn\u0105 ods\u0142on\u0105. Dzieci mog\u0142y karmi\u0107 ptaki i wiewi\u00f3rki. Pozna\u0142y te\u017c wiele ciekawostek zwi\u0105zanych z faun\u0105 i flor\u0105 tego miejsca. Przy okazji dzieci obserwowa\u0142y chmury i pr\u00f3bowa\u0142y prognozowa\u0107 pogod\u0119. W drodze powrotnej&hellip; <br \/> <a class=\"read-more\" href=\"https:\/\/sp174.waw.pl\/?p=2773\">Czytaj dalej<\/a><\/p>\n","protected":false},"author":1,"featured_media":0,"comment_status":"closed","ping_status":"closed","sticky":false,"template":"","format":"standard","meta":{"footnotes":""},"categories":[1],"tags":[],"class_list":["post-2773","post","type-post","status-publish","format-standard","hentry","category-bez-kategorii"],"_links":{"self":[{"href":"https:\/\/sp174.waw.pl\/index.php?rest_route=\/wp\/v2\/posts\/2773","targetHints":{"allow":["GET"]}}],"collection":[{"href":"https:\/\/sp174.waw.pl\/index.php?rest_route=\/wp\/v2\/posts"}],"about":[{"href":"https:\/\/sp174.waw.pl\/index.php?rest_route=\/wp\/v2\/types\/post"}],"author":[{"embeddable":true,"href":"https:\/\/sp174.waw.pl\/index.php?rest_route=\/wp\/v2\/users\/1"}],"replies":[{"embeddable":true,"href":"https:\/\/sp174.waw.pl\/index.php?rest_route=%2Fwp%2Fv2%2Fcomments&post=2773"}],"version-history":[{"count":1,"href":"https:\/\/sp174.waw.pl\/index.php?rest_route=\/wp\/v2\/posts\/2773\/revisions"}],"predecessor-version":[{"id":2776,"href":"https:\/\/sp174.waw.pl\/index.php?rest_route=\/wp\/v2\/posts\/2773\/revisions\/2776"}],"wp:attachment":[{"href":"https:\/\/sp174.waw.pl\/index.php?rest_route=%2Fwp%2Fv2%2Fmedia&parent=2773"}],"wp:term":[{"taxonomy":"category","embeddable":true,"href":"https:\/\/sp174.waw.pl\/index.php?rest_route=%2Fwp%2Fv2%2Fcategories&post=2773"},{"taxonomy":"post_tag","embeddable":true,"href":"https:\/\/sp174.waw.pl\/index.php?rest_route=%2Fwp%2Fv2%2Ftags&post=2773"}],"curies":[{"name":"wp","href":"https:\/\/api.w.org\/{rel}","templated":true}]}}