{"id":2777,"date":"2023-11-10T20:53:33","date_gmt":"2023-11-10T19:53:33","guid":{"rendered":"https:\/\/sp174.waw.pl\/?p=2777"},"modified":"2024-02-11T20:55:46","modified_gmt":"2024-02-11T19:55:46","slug":"11-listopada-apel","status":"publish","type":"post","link":"https:\/\/sp174.waw.pl\/?p=2777","title":{"rendered":"11 LISTOPADA \u2013 APEL"},"content":{"rendered":"\n\n\n<p>Dnia 10 listopada odby\u0142 si\u0119 uroczysty apel z okazji Narodowego \u015awi\u0119ta Niepodleg\u0142o\u015bci. Ca\u0142a szko\u0142a wzi\u0119\u0142a udzia\u0142 w uroczysto\u015bci przygotowanej zar\u00f3wno przez uczni\u00f3w klas starszych jak i m\u0142odszych.<\/p>\n\n\n\n<p><em>Marzena Delak<\/em><\/p>\n\n\n\n<figure class=\"wp-block-gallery has-nested-images columns-default is-cropped wp-block-gallery-1 is-layout-flex wp-block-gallery-is-layout-flex\">\n<figure class=\"wp-block-image size-large\"><img loading=\"lazy\" decoding=\"async\" width=\"1024\" height=\"727\" data-id=\"2778\" src=\"https:\/\/sp174.waw.pl\/wp-content\/uploads\/2024\/02\/Collage-2024-02-11-10_24_45-1024x727.jpg\" alt=\"\" class=\"wp-image-2778\" srcset=\"https:\/\/sp174.waw.pl\/wp-content\/uploads\/2024\/02\/Collage-2024-02-11-10_24_45-1024x727.jpg 1024w, https:\/\/sp174.waw.pl\/wp-content\/uploads\/2024\/02\/Collage-2024-02-11-10_24_45-300x213.jpg 300w, https:\/\/sp174.waw.pl\/wp-content\/uploads\/2024\/02\/Collage-2024-02-11-10_24_45-768x545.jpg 768w, https:\/\/sp174.waw.pl\/wp-content\/uploads\/2024\/02\/Collage-2024-02-11-10_24_45.jpg 1200w\" sizes=\"auto, (max-width: 1024px) 100vw, 1024px\" \/><\/figure>\n\n\n\n<figure class=\"wp-block-image size-large\"><img loading=\"lazy\" decoding=\"async\" width=\"1024\" height=\"727\" data-id=\"2779\" src=\"https:\/\/sp174.waw.pl\/wp-content\/uploads\/2024\/02\/Collage-2024-02-11-10_26_28-1024x727.jpg\" alt=\"\" class=\"wp-image-2779\" srcset=\"https:\/\/sp174.waw.pl\/wp-content\/uploads\/2024\/02\/Collage-2024-02-11-10_26_28-1024x727.jpg 1024w, https:\/\/sp174.waw.pl\/wp-content\/uploads\/2024\/02\/Collage-2024-02-11-10_26_28-300x213.jpg 300w, https:\/\/sp174.waw.pl\/wp-content\/uploads\/2024\/02\/Collage-2024-02-11-10_26_28-768x545.jpg 768w, https:\/\/sp174.waw.pl\/wp-content\/uploads\/2024\/02\/Collage-2024-02-11-10_26_28.jpg 1200w\" sizes=\"auto, (max-width: 1024px) 100vw, 1024px\" \/><\/figure>\n<\/figure>\n","protected":false},"excerpt":{"rendered":"<p>Dnia 10 listopada odby\u0142 si\u0119 uroczysty apel z okazji Narodowego \u015awi\u0119ta Niepodleg\u0142o\u015bci. Ca\u0142a szko\u0142a wzi\u0119\u0142a udzia\u0142 w uroczysto\u015bci przygotowanej zar\u00f3wno przez uczni\u00f3w klas starszych jak i m\u0142odszych. Marzena Delak<\/p>\n","protected":false},"author":1,"featured_media":0,"comment_status":"closed","ping_status":"closed","sticky":false,"template":"","format":"standard","meta":{"footnotes":""},"categories":[1],"tags":[],"class_list":["post-2777","post","type-post","status-publish","format-standard","hentry","category-bez-kategorii"],"_links":{"self":[{"href":"https:\/\/sp174.waw.pl\/index.php?rest_route=\/wp\/v2\/posts\/2777","targetHints":{"allow":["GET"]}}],"collection":[{"href":"https:\/\/sp174.waw.pl\/index.php?rest_route=\/wp\/v2\/posts"}],"about":[{"href":"https:\/\/sp174.waw.pl\/index.php?rest_route=\/wp\/v2\/types\/post"}],"author":[{"embeddable":true,"href":"https:\/\/sp174.waw.pl\/index.php?rest_route=\/wp\/v2\/users\/1"}],"replies":[{"embeddable":true,"href":"https:\/\/sp174.waw.pl\/index.php?rest_route=%2Fwp%2Fv2%2Fcomments&post=2777"}],"version-history":[{"count":1,"href":"https:\/\/sp174.waw.pl\/index.php?rest_route=\/wp\/v2\/posts\/2777\/revisions"}],"predecessor-version":[{"id":2780,"href":"https:\/\/sp174.waw.pl\/index.php?rest_route=\/wp\/v2\/posts\/2777\/revisions\/2780"}],"wp:attachment":[{"href":"https:\/\/sp174.waw.pl\/index.php?rest_route=%2Fwp%2Fv2%2Fmedia&parent=2777"}],"wp:term":[{"taxonomy":"category","embeddable":true,"href":"https:\/\/sp174.waw.pl\/index.php?rest_route=%2Fwp%2Fv2%2Fcategories&post=2777"},{"taxonomy":"post_tag","embeddable":true,"href":"https:\/\/sp174.waw.pl\/index.php?rest_route=%2Fwp%2Fv2%2Ftags&post=2777"}],"curies":[{"name":"wp","href":"https:\/\/api.w.org\/{rel}","templated":true}]}}