{"id":2824,"date":"2024-01-03T21:10:20","date_gmt":"2024-01-03T20:10:20","guid":{"rendered":"https:\/\/sp174.waw.pl\/?p=2824"},"modified":"2024-02-11T21:11:19","modified_gmt":"2024-02-11T20:11:19","slug":"koncert-rozne-style-tancka-xxi-wieku","status":"publish","type":"post","link":"https:\/\/sp174.waw.pl\/?p=2824","title":{"rendered":"KONCERT \u2013 R\u00d3\u017bNE STYLE TA\u0143CKA XXI WIEKU"},"content":{"rendered":"<p class=\"Standard\" style=\"text-align: justify; text-justify: inter-ideograph;\">Dnia 3 stycznia 2024 r. odby\u0142 si\u0119 koncert. Tym razem uczniowie poznali r\u00f3\u017cne style ta\u0144ca XXI wieku. W programie tancerze zaprezentowali m. in. taniec jazzowy, taniec wsp\u00f3\u0142czesny, teatr ta\u0144ca, afro oraz r\u00f3\u017cne ta\u0144ce street dance. Uczniowie wzi\u0119li udzia\u0142 w kr\u00f3tkich warsztatach ta\u0144ca.<\/p>\n<p class=\"Standard\" style=\"text-align: right;\" align=\"right\"><i>Marzena Delak<\/i><\/p>\n\n\n<figure class=\"wp-block-image size-large\"><img loading=\"lazy\" decoding=\"async\" width=\"1024\" height=\"721\" src=\"https:\/\/sp174.waw.pl\/wp-content\/uploads\/2024\/02\/Collage-2024-02-11-15_07_26-1024x721.jpg\" alt=\"\" class=\"wp-image-2825\" srcset=\"https:\/\/sp174.waw.pl\/wp-content\/uploads\/2024\/02\/Collage-2024-02-11-15_07_26-1024x721.jpg 1024w, https:\/\/sp174.waw.pl\/wp-content\/uploads\/2024\/02\/Collage-2024-02-11-15_07_26-300x211.jpg 300w, https:\/\/sp174.waw.pl\/wp-content\/uploads\/2024\/02\/Collage-2024-02-11-15_07_26-768x541.jpg 768w, https:\/\/sp174.waw.pl\/wp-content\/uploads\/2024\/02\/Collage-2024-02-11-15_07_26.jpg 1200w\" sizes=\"auto, (max-width: 1024px) 100vw, 1024px\" \/><\/figure>\n","protected":false},"excerpt":{"rendered":"<p>Dnia 3 stycznia 2024 r. odby\u0142 si\u0119 koncert. Tym razem uczniowie poznali r\u00f3\u017cne style ta\u0144ca XXI wieku. W programie tancerze zaprezentowali m. in. taniec jazzowy, taniec wsp\u00f3\u0142czesny, teatr ta\u0144ca, afro oraz r\u00f3\u017cne ta\u0144ce street dance. Uczniowie wzi\u0119li udzia\u0142 w kr\u00f3tkich warsztatach ta\u0144ca. Marzena Delak<\/p>\n","protected":false},"author":1,"featured_media":0,"comment_status":"closed","ping_status":"closed","sticky":false,"template":"","format":"standard","meta":{"footnotes":""},"categories":[1],"tags":[],"class_list":["post-2824","post","type-post","status-publish","format-standard","hentry","category-bez-kategorii"],"_links":{"self":[{"href":"https:\/\/sp174.waw.pl\/index.php?rest_route=\/wp\/v2\/posts\/2824","targetHints":{"allow":["GET"]}}],"collection":[{"href":"https:\/\/sp174.waw.pl\/index.php?rest_route=\/wp\/v2\/posts"}],"about":[{"href":"https:\/\/sp174.waw.pl\/index.php?rest_route=\/wp\/v2\/types\/post"}],"author":[{"embeddable":true,"href":"https:\/\/sp174.waw.pl\/index.php?rest_route=\/wp\/v2\/users\/1"}],"replies":[{"embeddable":true,"href":"https:\/\/sp174.waw.pl\/index.php?rest_route=%2Fwp%2Fv2%2Fcomments&post=2824"}],"version-history":[{"count":1,"href":"https:\/\/sp174.waw.pl\/index.php?rest_route=\/wp\/v2\/posts\/2824\/revisions"}],"predecessor-version":[{"id":2826,"href":"https:\/\/sp174.waw.pl\/index.php?rest_route=\/wp\/v2\/posts\/2824\/revisions\/2826"}],"wp:attachment":[{"href":"https:\/\/sp174.waw.pl\/index.php?rest_route=%2Fwp%2Fv2%2Fmedia&parent=2824"}],"wp:term":[{"taxonomy":"category","embeddable":true,"href":"https:\/\/sp174.waw.pl\/index.php?rest_route=%2Fwp%2Fv2%2Fcategories&post=2824"},{"taxonomy":"post_tag","embeddable":true,"href":"https:\/\/sp174.waw.pl\/index.php?rest_route=%2Fwp%2Fv2%2Ftags&post=2824"}],"curies":[{"name":"wp","href":"https:\/\/api.w.org\/{rel}","templated":true}]}}