{"id":3044,"date":"2024-06-05T19:48:58","date_gmt":"2024-06-05T17:48:58","guid":{"rendered":"https:\/\/sp174.waw.pl\/?p=3044"},"modified":"2024-06-26T19:50:04","modified_gmt":"2024-06-26T17:50:04","slug":"notatka-kronikarska-w-klasie-3b","status":"publish","type":"post","link":"https:\/\/sp174.waw.pl\/?p=3044","title":{"rendered":"NOTATKA KRONIKARSKA W KLASIE 3B"},"content":{"rendered":"<p class=\"Standard\" style=\"text-align: justify; text-justify: inter-ideograph;\">Klasy trzecie pojecha\u0142y w czerwcu na wycieczk\u0119 do Parku Julinek. Uczniowie klasy 3 b przygotowali w zwi\u0105zku z tym swoje pierwsze notatki kronikarskie. Oto one.<\/p>\n<p class=\"Standard\" style=\"text-align: justify; text-justify: inter-ideograph;\">\n<p class=\"Standard\" style=\"text-align: justify; text-justify: inter-ideograph;\"><b><i>Wycieczka klas trzecich do parku rozrywki<\/i><\/b><\/p>\n<p class=\"Standard\" style=\"text-align: justify; text-justify: inter-ideograph;\"><i>Dnia 4 czerwca 2024 r. obie klasy trzecie pojecha\u0142y do Julinka. Na miejscu by\u0142 przygotowany obiad. Mogli\u015bmy tam skorzysta\u0107 z karuzeli, parku linowego i krainy dmucha\u0144c\u00f3w. Na miejscu by\u0142 przygotowany obiad. Byli\u015bmy tam sze\u015b\u0107 godzin. Dzieciom wycieczka bardzo si\u0119 podoba\u0142a!<\/i><\/p>\n<p class=\"Standard\" style=\"text-align: right;\" align=\"right\"><b><i>Martyna Formicka<\/i><\/b><\/p>\n<p class=\"Standard\" style=\"text-align: justify; text-justify: inter-ideograph;\"><i>\u00a0<\/i><\/p>\n<p class=\"Standard\" style=\"text-align: justify; text-justify: inter-ideograph;\"><b><i>Super wycieczka klas trzecich<\/i><\/b><\/p>\n<p class=\"Standard\" style=\"text-align: justify; text-justify: inter-ideograph;\"><i>W Julinku jest du\u017co atrakcji na strefie karuzel. Najlepsz\u0105 karuzel\u0105 by\u0142a \u201eGrawirtacja\u201d. To by\u0142a wielka sokowir\u00f3wka, w kt\u00f3rej si\u0119 lata\u0142o w powietrzu. Najbardziej pochwalan\u0105 by\u0142a strefa wspinaczki z dr\u0105\u017ckiem. Polecam to miejsce, jest super!<\/i><\/p>\n<p class=\"Standard\" style=\"text-align: right;\" align=\"right\"><b><i>Maja Anczkiewicz<\/i><\/b><\/p>\n<p class=\"Standard\" style=\"text-align: justify; text-justify: inter-ideograph;\"><i>\u00a0<\/i><\/p>\n<p class=\"Standard\" style=\"text-align: justify; text-justify: inter-ideograph;\"><b><i>Wycieczka klas trzecich do Julinka<\/i><\/b><\/p>\n<p class=\"Standard\" style=\"text-align: justify; text-justify: inter-ideograph;\"><i>W dniu 4 czerwca 2024 r. obie klasy trzecie pojecha\u0142y do Julinka. Pierwszy przystanek w Julinku to by\u0142a strefa karuzel. Wszystkim najbardziej podoba\u0142a si\u0119 karuzela, gdzie si\u0119 bardzo szybko kr\u0119ci\u0142a i przykleja\u0142o si\u0119 do \u015bciany, a pod\u0142oga si\u0119 obni\u017ca\u0142a. Nast\u0119pnie poszli\u015bmy do krainy dmucha\u0144c\u00f3w i na plac zabaw. Po placu zabaw poszli\u015bmy na obiad, a po obiedzie do parku linowego. Uczniowie bardzo dobrze si\u0119 bawili. Najbardziej podoba\u0142a mi si\u0119 karuzela, kt\u00f3r\u0105 nazywam \u201esokowir\u00f3wka\u201d.<\/i><\/p>\n<p class=\"Standard\" style=\"text-align: right;\" align=\"right\"><b><i>Mi\u0142osz Orzechowski<\/i><\/b><\/p>\n<p class=\"Standard\" style=\"text-align: right;\" align=\"right\"><b><i>\u00a0<\/i><\/b><\/p>\n<p class=\"Standard\" style=\"text-align: justify; text-justify: inter-ideograph;\"><b><i>Wycieczka klas trzecich do Julinka<\/i><\/b><\/p>\n<p class=\"Standard\" style=\"text-align: justify; text-justify: inter-ideograph;\"><i>4 czerwca 2024 r. klasy trzecie pojecha\u0142y do Julinka. Strefa karuzel, to by\u0142a pierwsza strefa. Druga strefa, to strefa dmucha\u0144c\u00f3w, by\u0142a tam trampolina. Trzecia strefa to park linowy. Podoba\u0142o mi si\u0119.<\/i><\/p>\n<p class=\"Standard\" style=\"text-align: right;\" align=\"right\"><b><i>Sasza Kosse<\/i><\/b><\/p>\n<p class=\"Standard\" style=\"text-align: justify; text-justify: inter-ideograph;\"><i>\u00a0<\/i><\/p>\n<p class=\"Standard\" style=\"text-align: justify; text-justify: inter-ideograph;\"><b><i>Wycieczka klas trzecich do parku rozrywki Julinek<\/i><\/b><\/p>\n<p class=\"Standard\" style=\"text-align: justify; text-justify: inter-ideograph;\"><i>W dniu 4 czerwca 2024 r. dzieci z klas trzecich pojecha\u0142y na wycieczk\u0119 do parku rozrywki Julinek. Uczniowie bawili si\u0119 na r\u00f3\u017cnych atrakcjach. Pierwsz\u0105 atrakcj\u0105 by\u0142y karuzele, potem dmucha\u0144ce i plac zabaw. P\u00f3\u017aniej by\u0142 obiad. Po obiedzie by\u0142 park linowy. To by\u0142a bardzo udana wycieczka.<\/i><\/p>\n<p class=\"Standard\" style=\"text-align: right;\" align=\"right\"><b><i>Basia Grabczak<\/i><\/b><\/p>\n<p class=\"Standard\" style=\"text-align: justify; text-justify: inter-ideograph;\"><i>\u00a0<\/i><\/p>\n<p class=\"Standard\" style=\"text-align: justify; text-justify: inter-ideograph;\"><b><i>Wycieczka klas trzecich do parku rozrywki Julinek<\/i><\/b><\/p>\n<p class=\"Standard\" style=\"text-align: justify; text-justify: inter-ideograph;\"><i>04.05.2024 r. klasa 3b i 3a wybra\u0142y si\u0119 do parku Julinek. Park mia\u0142 dwie cz\u0119\u015bci: park wodny i park rozrywki, np. karuzela, hu\u015btawki, rollercoaster, park linowy, mini golf, dmucha\u0144ce i inne rzeczy. Na parku wodnym nie byli\u015bmy. Jedli\u015bmy obiad: frytki i nuggetsy.<\/i><\/p>\n<p class=\"Standard\" style=\"text-align: right;\" align=\"right\"><b><i>Hania Cegie\u0142ka<\/i><\/b><\/p>\n<p class=\"Standard\" style=\"text-align: right;\" align=\"right\"><b><i>\u00a0<\/i><\/b><\/p>\n<p class=\"Standard\" style=\"text-align: justify; text-justify: inter-ideograph;\"><b><i>Trzecioklasi\u015bci w Julinku<\/i><\/b><\/p>\n<p class=\"Standard\" style=\"text-align: justify; text-justify: inter-ideograph;\"><i>04.06.2024 r. uczniowie 3a i 3b pojechali do Julinka. Na pocz\u0105tku poszli\u015bmy na karuzele, potem byli\u015bmy na dmucha\u0144cach i poszli\u015bmy na plac zabaw. Po placu zabaw poszli\u015bmy na obiad. Po obiedzie poszli\u015bmy do parku linowego.<\/i><\/p>\n<p class=\"Standard\" style=\"text-align: right;\" align=\"right\"><b><i>Svieta Harmatywvska<\/i><\/b><\/p>\n<p class=\"Standard\" style=\"text-align: justify; text-justify: inter-ideograph;\"><i>\u00a0<\/i><\/p>\n<p class=\"Standard\" style=\"text-align: justify; text-justify: inter-ideograph;\"><b><i>Wycieczka do parku Julinek<\/i><\/b><\/p>\n<p class=\"Standard\" style=\"text-align: justify; text-justify: inter-ideograph;\"><i>We wtorek 4 czerwca 2024 r. trzecioklasi\u015bci wyjechali do parku Julinek. Mogli korzysta\u0107 z karuzeli, kt\u00f3re da\u0142y im wiele emocji lub p\u00f3j\u015b\u0107 na dmucha\u0144ce, gdzie mogli bardzo fajnie sp\u0119dzi\u0107 sw\u00f3j czas, a tak\u017ce wej\u015b\u0107 do \u201ePodniebnego Cyrku\u201d, gdzie szybko nie zapomnisz sp\u0119dzonego tam czasu. Wycieczka by\u0142a pe\u0142na rado\u015bci.<\/i><\/p>\n<p class=\"Standard\" style=\"text-align: right;\" align=\"right\"><b><i>Yana Kizinczak<\/i><\/b><\/p>\n<p class=\"Standard\" style=\"text-align: justify; text-justify: inter-ideograph;\"><i>\u00a0<\/i><\/p>\n<p class=\"Standard\" style=\"text-align: justify; text-justify: inter-ideograph;\"><b><i>Wycieczka klas trzecich do Julinka<\/i><\/b><\/p>\n<p class=\"Standard\" style=\"text-align: justify; text-justify: inter-ideograph;\"><i>Dnia 4 czerwca 2024 r. uczniowie pojechali do parku rozrywki. W Julinku by\u0142o du\u017co atrakcji, np. karuzele, dmucha\u0144ce, plac zabaw, park linowy. Na miejscu zjedli\u015bmy te\u017c obiad.<\/i><\/p>\n<p class=\"Standard\" style=\"text-align: right;\" align=\"right\"><b><i>Ala Witkowska<\/i><\/b><\/p>\n<p class=\"Standard\" style=\"text-align: justify; text-justify: inter-ideograph;\"><i>\u00a0<\/i><\/p>\n<p class=\"Standard\" style=\"text-align: justify; text-justify: inter-ideograph;\"><b><i>Wyjazd klas trzecich do Julinka<\/i><\/b><\/p>\n<p class=\"Standard\" style=\"text-align: justify; text-justify: inter-ideograph;\"><i>Dnia 04.06.2024 r. dzieci mog\u0142y chodzi\u0107 na r\u00f3\u017cne karuzele, dmucha\u0144ce, park linowy. Najpierw poszli\u015bmy do strefy karuzel, gdzie by\u0142o du\u017co atrakcji. P\u00f3\u017aniej poszli\u015bmy do krainy dmucha\u0144c\u00f3w. Po krainie dmucha\u0144c\u00f3w uczniowie poszli na obiad. Na obiedzie by\u0142y frytki z kurczakiem. Po obiedzie dzieci posz\u0142y do parku linowego, w kt\u00f3rym by\u0142o 9 tras.<\/i><\/p>\n<p class=\"Standard\" style=\"text-align: right;\" align=\"right\"><b><i>Wojtek Prokop<\/i><\/b><\/p>\n<p class=\"Standard\" style=\"text-align: justify; text-justify: inter-ideograph;\"><i>\u00a0<\/i><\/p>\n<p class=\"Standard\" style=\"text-align: justify; text-justify: inter-ideograph;\"><b><i>Klasa 3b i 3a w Julinku<\/i><\/b><\/p>\n<p class=\"Standard\" style=\"text-align: justify; text-justify: inter-ideograph;\"><i>4 czerwca 2024 r. 3b i 3a by\u0142a w Julinku na karuzeli, dmucha\u0144cach, na pysznym obiedzie, \u015bciance wspinaczkowej, placu zabaw, gdzie by\u0142a wielka dmuchana poducha i kilka dmucha\u0144c\u00f3w. W Julinku jest park linowy \u2013 dostanie si\u0119 instrukcje i mo\u017cna wybra\u0107 r\u00f3\u017cne tory do chodzenia.<\/i><\/p>\n<p class=\"Standard\" style=\"text-align: right;\" align=\"right\"><b><i>Kacper Grzegorek<\/i><\/b><\/p>\n","protected":false},"excerpt":{"rendered":"<p>Klasy trzecie pojecha\u0142y w czerwcu na wycieczk\u0119 do Parku Julinek. Uczniowie klasy 3 b przygotowali w zwi\u0105zku z tym swoje pierwsze notatki kronikarskie. Oto one. Wycieczka klas trzecich do parku rozrywki Dnia 4 czerwca 2024 r. obie klasy trzecie pojecha\u0142y do Julinka. Na miejscu by\u0142 przygotowany obiad. Mogli\u015bmy tam skorzysta\u0107 z karuzeli, parku linowego i&hellip; <br \/> <a class=\"read-more\" href=\"https:\/\/sp174.waw.pl\/?p=3044\">Czytaj dalej<\/a><\/p>\n","protected":false},"author":1,"featured_media":0,"comment_status":"closed","ping_status":"closed","sticky":false,"template":"","format":"standard","meta":{"footnotes":""},"categories":[1],"tags":[],"class_list":["post-3044","post","type-post","status-publish","format-standard","hentry","category-bez-kategorii"],"_links":{"self":[{"href":"https:\/\/sp174.waw.pl\/index.php?rest_route=\/wp\/v2\/posts\/3044","targetHints":{"allow":["GET"]}}],"collection":[{"href":"https:\/\/sp174.waw.pl\/index.php?rest_route=\/wp\/v2\/posts"}],"about":[{"href":"https:\/\/sp174.waw.pl\/index.php?rest_route=\/wp\/v2\/types\/post"}],"author":[{"embeddable":true,"href":"https:\/\/sp174.waw.pl\/index.php?rest_route=\/wp\/v2\/users\/1"}],"replies":[{"embeddable":true,"href":"https:\/\/sp174.waw.pl\/index.php?rest_route=%2Fwp%2Fv2%2Fcomments&post=3044"}],"version-history":[{"count":1,"href":"https:\/\/sp174.waw.pl\/index.php?rest_route=\/wp\/v2\/posts\/3044\/revisions"}],"predecessor-version":[{"id":3045,"href":"https:\/\/sp174.waw.pl\/index.php?rest_route=\/wp\/v2\/posts\/3044\/revisions\/3045"}],"wp:attachment":[{"href":"https:\/\/sp174.waw.pl\/index.php?rest_route=%2Fwp%2Fv2%2Fmedia&parent=3044"}],"wp:term":[{"taxonomy":"category","embeddable":true,"href":"https:\/\/sp174.waw.pl\/index.php?rest_route=%2Fwp%2Fv2%2Fcategories&post=3044"},{"taxonomy":"post_tag","embeddable":true,"href":"https:\/\/sp174.waw.pl\/index.php?rest_route=%2Fwp%2Fv2%2Ftags&post=3044"}],"curies":[{"name":"wp","href":"https:\/\/api.w.org\/{rel}","templated":true}]}}