{"id":3125,"date":"2024-10-03T21:03:56","date_gmt":"2024-10-03T19:03:56","guid":{"rendered":"https:\/\/sp174.waw.pl\/?p=3125"},"modified":"2024-10-03T21:18:17","modified_gmt":"2024-10-03T19:18:17","slug":"dzien-chlopaka-w-klasie-ia","status":"publish","type":"post","link":"https:\/\/sp174.waw.pl\/?p=3125","title":{"rendered":"DZIE\u0143 CH\u0141OPAKA W KLASIE IA"},"content":{"rendered":"<p>30 wrze\u015bnia obchodzili\u015bmy w klasie 1A\u00a0<strong>Dzie\u0144 Ch\u0142opaka<\/strong>. To wyj\u0105tkowy dzie\u0144, pe\u0142en u\u015bmiechu, zabawy i mi\u0142ych niespodzianek dla naszych koleg\u00f3w! Dziewczynki z\u0142o\u017cy\u0142y swoim kolegom \u017cyczenia. Nie zabrak\u0142o r\u00f3wnie\u017c drobnych upomink\u00f3w, kt\u00f3re wr\u0119czono wszystkim ch\u0142opcom. Atmosfera sprzyja\u0142a integracji i wsp\u00f3lnemu \u015bwi\u0119towaniu.<\/p>\n\n\n<figure class=\"wp-block-image size-large\"><img loading=\"lazy\" decoding=\"async\" width=\"1024\" height=\"683\" src=\"https:\/\/sp174.waw.pl\/wp-content\/uploads\/2024\/10\/Dzien-chlopaka-1024x683.png\" alt=\"\" class=\"wp-image-3126\" srcset=\"https:\/\/sp174.waw.pl\/wp-content\/uploads\/2024\/10\/Dzien-chlopaka-1024x683.png 1024w, https:\/\/sp174.waw.pl\/wp-content\/uploads\/2024\/10\/Dzien-chlopaka-300x200.png 300w, https:\/\/sp174.waw.pl\/wp-content\/uploads\/2024\/10\/Dzien-chlopaka-768x512.png 768w, https:\/\/sp174.waw.pl\/wp-content\/uploads\/2024\/10\/Dzien-chlopaka-1536x1024.png 1536w, https:\/\/sp174.waw.pl\/wp-content\/uploads\/2024\/10\/Dzien-chlopaka-1620x1080.png 1620w, https:\/\/sp174.waw.pl\/wp-content\/uploads\/2024\/10\/Dzien-chlopaka.png 1800w\" sizes=\"auto, (max-width: 1024px) 100vw, 1024px\" \/><\/figure>\n","protected":false},"excerpt":{"rendered":"<p>30 wrze\u015bnia obchodzili\u015bmy w klasie 1A\u00a0Dzie\u0144 Ch\u0142opaka. To wyj\u0105tkowy dzie\u0144, pe\u0142en u\u015bmiechu, zabawy i mi\u0142ych niespodzianek dla naszych koleg\u00f3w! Dziewczynki z\u0142o\u017cy\u0142y swoim kolegom \u017cyczenia. Nie zabrak\u0142o r\u00f3wnie\u017c drobnych upomink\u00f3w, kt\u00f3re wr\u0119czono wszystkim ch\u0142opcom. Atmosfera sprzyja\u0142a integracji i wsp\u00f3lnemu \u015bwi\u0119towaniu.<\/p>\n","protected":false},"author":1,"featured_media":0,"comment_status":"closed","ping_status":"closed","sticky":false,"template":"","format":"standard","meta":{"footnotes":""},"categories":[1],"tags":[],"class_list":["post-3125","post","type-post","status-publish","format-standard","hentry","category-bez-kategorii"],"_links":{"self":[{"href":"https:\/\/sp174.waw.pl\/index.php?rest_route=\/wp\/v2\/posts\/3125","targetHints":{"allow":["GET"]}}],"collection":[{"href":"https:\/\/sp174.waw.pl\/index.php?rest_route=\/wp\/v2\/posts"}],"about":[{"href":"https:\/\/sp174.waw.pl\/index.php?rest_route=\/wp\/v2\/types\/post"}],"author":[{"embeddable":true,"href":"https:\/\/sp174.waw.pl\/index.php?rest_route=\/wp\/v2\/users\/1"}],"replies":[{"embeddable":true,"href":"https:\/\/sp174.waw.pl\/index.php?rest_route=%2Fwp%2Fv2%2Fcomments&post=3125"}],"version-history":[{"count":1,"href":"https:\/\/sp174.waw.pl\/index.php?rest_route=\/wp\/v2\/posts\/3125\/revisions"}],"predecessor-version":[{"id":3127,"href":"https:\/\/sp174.waw.pl\/index.php?rest_route=\/wp\/v2\/posts\/3125\/revisions\/3127"}],"wp:attachment":[{"href":"https:\/\/sp174.waw.pl\/index.php?rest_route=%2Fwp%2Fv2%2Fmedia&parent=3125"}],"wp:term":[{"taxonomy":"category","embeddable":true,"href":"https:\/\/sp174.waw.pl\/index.php?rest_route=%2Fwp%2Fv2%2Fcategories&post=3125"},{"taxonomy":"post_tag","embeddable":true,"href":"https:\/\/sp174.waw.pl\/index.php?rest_route=%2Fwp%2Fv2%2Ftags&post=3125"}],"curies":[{"name":"wp","href":"https:\/\/api.w.org\/{rel}","templated":true}]}}