{"id":3131,"date":"2024-10-03T21:08:42","date_gmt":"2024-10-03T19:08:42","guid":{"rendered":"https:\/\/sp174.waw.pl\/?p=3131"},"modified":"2024-12-04T19:32:50","modified_gmt":"2024-12-04T18:32:50","slug":"oddzial-przedszkolny-z-wizyta-w-klasie-ia","status":"publish","type":"post","link":"https:\/\/sp174.waw.pl\/?p=3131","title":{"rendered":"ODDZIA\u0141 PRZEDSZKOLNY Z WIZYT\u0104 W KLASIE Ia"},"content":{"rendered":"<p>Uczniowie z klasy IA zaprosili do swojej klasy dzieci z oddzia\u0142u przedszkolnego, \u017ceby zaprezentowa\u0107 przygotowan\u0105 inscenizacj\u0119 wiersza Jana Brzechwy \u201eNa straganie\u201d. To by\u0142 pierwszy wyst\u0119p pierwszoklasist\u00f3w. Nasi go\u015bcie bardzo g\u0142o\u015bno oklaskiwali wyst\u0119p swoich starszych koleg\u00f3w. A na koniec rozpoznawali warzywa wyst\u0119puj\u0105ce w wierszu.<\/p>\n<p>Mamy nadziej\u0119, \u017ce jeszcze kiedy\u015b zaprosimy naszych m\u0142odszych koleg\u00f3w na kolejny wyst\u0119p.<\/p>\n\n\n<figure class=\"wp-block-image size-large\"><img loading=\"lazy\" decoding=\"async\" width=\"1024\" height=\"726\" src=\"https:\/\/sp174.waw.pl\/wp-content\/uploads\/2024\/10\/Przedstawienie-warzywa-2-1024x726.png\" alt=\"\" class=\"wp-image-3265\" srcset=\"https:\/\/sp174.waw.pl\/wp-content\/uploads\/2024\/10\/Przedstawienie-warzywa-2-1024x726.png 1024w, https:\/\/sp174.waw.pl\/wp-content\/uploads\/2024\/10\/Przedstawienie-warzywa-2-300x213.png 300w, https:\/\/sp174.waw.pl\/wp-content\/uploads\/2024\/10\/Przedstawienie-warzywa-2-768x545.png 768w, https:\/\/sp174.waw.pl\/wp-content\/uploads\/2024\/10\/Przedstawienie-warzywa-2-1536x1090.png 1536w, https:\/\/sp174.waw.pl\/wp-content\/uploads\/2024\/10\/Przedstawienie-warzywa-2-1522x1080.png 1522w, https:\/\/sp174.waw.pl\/wp-content\/uploads\/2024\/10\/Przedstawienie-warzywa-2.png 1748w\" sizes=\"auto, (max-width: 1024px) 100vw, 1024px\" \/><\/figure>\n","protected":false},"excerpt":{"rendered":"<p>Uczniowie z klasy IA zaprosili do swojej klasy dzieci z oddzia\u0142u przedszkolnego, \u017ceby zaprezentowa\u0107 przygotowan\u0105 inscenizacj\u0119 wiersza Jana Brzechwy \u201eNa straganie\u201d. To by\u0142 pierwszy wyst\u0119p pierwszoklasist\u00f3w. Nasi go\u015bcie bardzo g\u0142o\u015bno oklaskiwali wyst\u0119p swoich starszych koleg\u00f3w. A na koniec rozpoznawali warzywa wyst\u0119puj\u0105ce w wierszu. Mamy nadziej\u0119, \u017ce jeszcze kiedy\u015b zaprosimy naszych m\u0142odszych koleg\u00f3w na kolejny wyst\u0119p.<\/p>\n","protected":false},"author":1,"featured_media":0,"comment_status":"closed","ping_status":"closed","sticky":false,"template":"","format":"standard","meta":{"footnotes":""},"categories":[1],"tags":[],"class_list":["post-3131","post","type-post","status-publish","format-standard","hentry","category-bez-kategorii"],"_links":{"self":[{"href":"https:\/\/sp174.waw.pl\/index.php?rest_route=\/wp\/v2\/posts\/3131","targetHints":{"allow":["GET"]}}],"collection":[{"href":"https:\/\/sp174.waw.pl\/index.php?rest_route=\/wp\/v2\/posts"}],"about":[{"href":"https:\/\/sp174.waw.pl\/index.php?rest_route=\/wp\/v2\/types\/post"}],"author":[{"embeddable":true,"href":"https:\/\/sp174.waw.pl\/index.php?rest_route=\/wp\/v2\/users\/1"}],"replies":[{"embeddable":true,"href":"https:\/\/sp174.waw.pl\/index.php?rest_route=%2Fwp%2Fv2%2Fcomments&post=3131"}],"version-history":[{"count":3,"href":"https:\/\/sp174.waw.pl\/index.php?rest_route=\/wp\/v2\/posts\/3131\/revisions"}],"predecessor-version":[{"id":3266,"href":"https:\/\/sp174.waw.pl\/index.php?rest_route=\/wp\/v2\/posts\/3131\/revisions\/3266"}],"wp:attachment":[{"href":"https:\/\/sp174.waw.pl\/index.php?rest_route=%2Fwp%2Fv2%2Fmedia&parent=3131"}],"wp:term":[{"taxonomy":"category","embeddable":true,"href":"https:\/\/sp174.waw.pl\/index.php?rest_route=%2Fwp%2Fv2%2Fcategories&post=3131"},{"taxonomy":"post_tag","embeddable":true,"href":"https:\/\/sp174.waw.pl\/index.php?rest_route=%2Fwp%2Fv2%2Ftags&post=3131"}],"curies":[{"name":"wp","href":"https:\/\/api.w.org\/{rel}","templated":true}]}}