{"id":3197,"date":"2024-10-18T20:53:03","date_gmt":"2024-10-18T18:53:03","guid":{"rendered":"https:\/\/sp174.waw.pl\/?p=3197"},"modified":"2024-11-03T20:54:06","modified_gmt":"2024-11-03T19:54:06","slug":"klasa-1b-w-zamku-krolewskim","status":"publish","type":"post","link":"https:\/\/sp174.waw.pl\/?p=3197","title":{"rendered":"KLASA 1B W ZAMKU KR\u00d3LEWSKIM"},"content":{"rendered":"<p>Dnia 18 pa\u017adziernika 2024 r. klasa 1b pojecha\u0142a do Zamku Kr\u00f3lewskiego w Warszawie na lekcj\u0119 muzealn\u0105 pt. \u201eKr\u00f3l i jego dw\u00f3r\u201d podczas kt\u00f3rej poznali apartamenty ostatniego kr\u00f3la Polski a przez to samego monarch\u0119 i jego czasy. Dzieci pozna\u0142y zakamarki Zamku oraz zapozna\u0142y si\u0119 z wieloma ciekawostkami zwi\u0105zanymi z codziennym \u017cyciem kr\u00f3la.\u00a0 To by\u0142a bardzo ciekawa i pouczaj\u0105ca lekcja.<\/p>\n<p>\u00a0<\/p>\n<p><em>Marzena Delak<\/em><\/p>\n\n\n<figure class=\"wp-block-image size-large\"><img loading=\"lazy\" decoding=\"async\" width=\"1024\" height=\"512\" src=\"https:\/\/sp174.waw.pl\/wp-content\/uploads\/2024\/11\/ZAMEK-KROLEWSKI-1B-1024x512.jpg\" alt=\"\" class=\"wp-image-3198\" srcset=\"https:\/\/sp174.waw.pl\/wp-content\/uploads\/2024\/11\/ZAMEK-KROLEWSKI-1B-1024x512.jpg 1024w, https:\/\/sp174.waw.pl\/wp-content\/uploads\/2024\/11\/ZAMEK-KROLEWSKI-1B-300x150.jpg 300w, https:\/\/sp174.waw.pl\/wp-content\/uploads\/2024\/11\/ZAMEK-KROLEWSKI-1B-768x384.jpg 768w, https:\/\/sp174.waw.pl\/wp-content\/uploads\/2024\/11\/ZAMEK-KROLEWSKI-1B-1536x768.jpg 1536w, https:\/\/sp174.waw.pl\/wp-content\/uploads\/2024\/11\/ZAMEK-KROLEWSKI-1B.jpg 1920w\" sizes=\"auto, (max-width: 1024px) 100vw, 1024px\" \/><\/figure>\n","protected":false},"excerpt":{"rendered":"<p>Dnia 18 pa\u017adziernika 2024 r. klasa 1b pojecha\u0142a do Zamku Kr\u00f3lewskiego w Warszawie na lekcj\u0119 muzealn\u0105 pt. \u201eKr\u00f3l i jego dw\u00f3r\u201d podczas kt\u00f3rej poznali apartamenty ostatniego kr\u00f3la Polski a przez to samego monarch\u0119 i jego czasy. Dzieci pozna\u0142y zakamarki Zamku oraz zapozna\u0142y si\u0119 z wieloma ciekawostkami zwi\u0105zanymi z codziennym \u017cyciem kr\u00f3la.\u00a0 To by\u0142a bardzo ciekawa&hellip; <br \/> <a class=\"read-more\" href=\"https:\/\/sp174.waw.pl\/?p=3197\">Czytaj dalej<\/a><\/p>\n","protected":false},"author":1,"featured_media":0,"comment_status":"closed","ping_status":"closed","sticky":false,"template":"","format":"standard","meta":{"footnotes":""},"categories":[1],"tags":[],"class_list":["post-3197","post","type-post","status-publish","format-standard","hentry","category-bez-kategorii"],"_links":{"self":[{"href":"https:\/\/sp174.waw.pl\/index.php?rest_route=\/wp\/v2\/posts\/3197","targetHints":{"allow":["GET"]}}],"collection":[{"href":"https:\/\/sp174.waw.pl\/index.php?rest_route=\/wp\/v2\/posts"}],"about":[{"href":"https:\/\/sp174.waw.pl\/index.php?rest_route=\/wp\/v2\/types\/post"}],"author":[{"embeddable":true,"href":"https:\/\/sp174.waw.pl\/index.php?rest_route=\/wp\/v2\/users\/1"}],"replies":[{"embeddable":true,"href":"https:\/\/sp174.waw.pl\/index.php?rest_route=%2Fwp%2Fv2%2Fcomments&post=3197"}],"version-history":[{"count":1,"href":"https:\/\/sp174.waw.pl\/index.php?rest_route=\/wp\/v2\/posts\/3197\/revisions"}],"predecessor-version":[{"id":3199,"href":"https:\/\/sp174.waw.pl\/index.php?rest_route=\/wp\/v2\/posts\/3197\/revisions\/3199"}],"wp:attachment":[{"href":"https:\/\/sp174.waw.pl\/index.php?rest_route=%2Fwp%2Fv2%2Fmedia&parent=3197"}],"wp:term":[{"taxonomy":"category","embeddable":true,"href":"https:\/\/sp174.waw.pl\/index.php?rest_route=%2Fwp%2Fv2%2Fcategories&post=3197"},{"taxonomy":"post_tag","embeddable":true,"href":"https:\/\/sp174.waw.pl\/index.php?rest_route=%2Fwp%2Fv2%2Ftags&post=3197"}],"curies":[{"name":"wp","href":"https:\/\/api.w.org\/{rel}","templated":true}]}}