{"id":3277,"date":"2024-12-22T21:28:38","date_gmt":"2024-12-22T20:28:38","guid":{"rendered":"https:\/\/sp174.waw.pl\/?p=3277"},"modified":"2024-12-22T21:28:39","modified_gmt":"2024-12-22T20:28:39","slug":"miedzynarodowy-dzien-osob-z-niepelnosprawnosciami-dla-klas-starszych","status":"publish","type":"post","link":"https:\/\/sp174.waw.pl\/?p=3277","title":{"rendered":"Mi\u0119dzynarodowy Dzie\u0144 Os\u00f3b z Niepe\u0142nosprawno\u015bciami dla klas starszych."},"content":{"rendered":"\n<p>Min\u0105\u0142 kolejny warto\u015bciowy dzie\u0144. Ten dzie\u0144, to 3 grudnia Mi\u0119dzynarodowy Dzie\u0144 Os\u00f3b z Niepe\u0142nosprawno\u015bciami.&nbsp;Warto porozmawia\u0107 na temat os\u00f3b, kt\u00f3re coraz cz\u0119\u015bciej spotykamy na naszej drodze. Niepe\u0142nosprawno\u015b\u0107, nie jest ju\u017c tabu, nie musi by\u0107 tajemnic\u0105 ani czym\u015b wstydliwym.<\/p>\n\n\n\n<p>Mo\u017cna, a nawet trzeba o niej m\u00f3wi\u0107, by u\u015bwiadomi\u0107 wszystkim ludziom, jak wa\u017cna jest akceptacja, zrozumienie i niesienie pomocy tym, z kt\u00f3rymi los nie obszed\u0142 si\u0119 \u0142askawie, bo wszyscy razem wsp\u00f3\u0142istniejemy ze sob\u0105 i obok siebie. Niepe\u0142nosprawni s\u0105 w\u015br\u00f3d nas. Choroba mo\u017ce dotkn\u0105\u0107 ka\u017cdego. Tak jest i ju\u017c! Je\u015bli umiemy czu\u0107 to i umiemy my\u015ble\u0107. Uczmy si\u0119 wi\u0119c sami \u017cyczliwo\u015bci dla drugiego cz\u0142owieka, tego, kt\u00f3ry \u017cyje obok nas.<\/p>\n\n\n\n<p>Szkolne Ko\u0142o Wolontariatu z wolontariuszami zorganizowa\u0142o zaj\u0119cia dla klas 4-8. W ramach zaj\u0119\u0107 by\u0142a burza m\u00f3zg\u00f3w, zabawy: w rozpoznawanie smak\u00f3w, w zapinanie guzik\u00f3w niedominuj\u0105c\u0105 r\u0119k\u0105, rzucanie pi\u0142ki r\u00f3wnie\u017c bez u\u017cycia r\u0119ki dominuj\u0105cej. Obejrzeli\u015bmy r\u00f3wnie\u017c film pokazuj\u0105cy jakiego wsparcia mog\u0105 udzieli\u0107 osobom z niepe\u0142nosprawno\u015bciami ich r\u00f3wie\u015bnicy.<\/p>\n\n\n\n<p>Szkolne Ko\u0142o Wolontariatu<\/p>\n\n\n\n<figure class=\"wp-block-image size-large\"><img loading=\"lazy\" decoding=\"async\" width=\"1024\" height=\"819\" src=\"https:\/\/sp174.waw.pl\/wp-content\/uploads\/2024\/12\/starsi-1-1024x819.png\" alt=\"\" class=\"wp-image-3279\" srcset=\"https:\/\/sp174.waw.pl\/wp-content\/uploads\/2024\/12\/starsi-1-1024x819.png 1024w, https:\/\/sp174.waw.pl\/wp-content\/uploads\/2024\/12\/starsi-1-300x240.png 300w, https:\/\/sp174.waw.pl\/wp-content\/uploads\/2024\/12\/starsi-1-768x614.png 768w, https:\/\/sp174.waw.pl\/wp-content\/uploads\/2024\/12\/starsi-1-1536x1229.png 1536w, https:\/\/sp174.waw.pl\/wp-content\/uploads\/2024\/12\/starsi-1-1350x1080.png 1350w, https:\/\/sp174.waw.pl\/wp-content\/uploads\/2024\/12\/starsi-1.png 2000w\" sizes=\"auto, (max-width: 1024px) 100vw, 1024px\" \/><\/figure>\n","protected":false},"excerpt":{"rendered":"<p>Min\u0105\u0142 kolejny warto\u015bciowy dzie\u0144. Ten dzie\u0144, to 3 grudnia Mi\u0119dzynarodowy Dzie\u0144 Os\u00f3b z Niepe\u0142nosprawno\u015bciami.&nbsp;Warto porozmawia\u0107 na temat os\u00f3b, kt\u00f3re coraz cz\u0119\u015bciej spotykamy na naszej drodze. Niepe\u0142nosprawno\u015b\u0107, nie jest ju\u017c tabu, nie musi by\u0107 tajemnic\u0105 ani czym\u015b wstydliwym. Mo\u017cna, a nawet trzeba o niej m\u00f3wi\u0107, by u\u015bwiadomi\u0107 wszystkim ludziom, jak wa\u017cna jest akceptacja, zrozumienie i niesienie&hellip; <br \/> <a class=\"read-more\" href=\"https:\/\/sp174.waw.pl\/?p=3277\">Czytaj dalej<\/a><\/p>\n","protected":false},"author":1,"featured_media":0,"comment_status":"closed","ping_status":"closed","sticky":false,"template":"","format":"standard","meta":{"footnotes":""},"categories":[1],"tags":[],"class_list":["post-3277","post","type-post","status-publish","format-standard","hentry","category-bez-kategorii"],"_links":{"self":[{"href":"https:\/\/sp174.waw.pl\/index.php?rest_route=\/wp\/v2\/posts\/3277","targetHints":{"allow":["GET"]}}],"collection":[{"href":"https:\/\/sp174.waw.pl\/index.php?rest_route=\/wp\/v2\/posts"}],"about":[{"href":"https:\/\/sp174.waw.pl\/index.php?rest_route=\/wp\/v2\/types\/post"}],"author":[{"embeddable":true,"href":"https:\/\/sp174.waw.pl\/index.php?rest_route=\/wp\/v2\/users\/1"}],"replies":[{"embeddable":true,"href":"https:\/\/sp174.waw.pl\/index.php?rest_route=%2Fwp%2Fv2%2Fcomments&post=3277"}],"version-history":[{"count":1,"href":"https:\/\/sp174.waw.pl\/index.php?rest_route=\/wp\/v2\/posts\/3277\/revisions"}],"predecessor-version":[{"id":3280,"href":"https:\/\/sp174.waw.pl\/index.php?rest_route=\/wp\/v2\/posts\/3277\/revisions\/3280"}],"wp:attachment":[{"href":"https:\/\/sp174.waw.pl\/index.php?rest_route=%2Fwp%2Fv2%2Fmedia&parent=3277"}],"wp:term":[{"taxonomy":"category","embeddable":true,"href":"https:\/\/sp174.waw.pl\/index.php?rest_route=%2Fwp%2Fv2%2Fcategories&post=3277"},{"taxonomy":"post_tag","embeddable":true,"href":"https:\/\/sp174.waw.pl\/index.php?rest_route=%2Fwp%2Fv2%2Ftags&post=3277"}],"curies":[{"name":"wp","href":"https:\/\/api.w.org\/{rel}","templated":true}]}}