{"id":3292,"date":"2024-12-18T19:43:33","date_gmt":"2024-12-18T18:43:33","guid":{"rendered":"https:\/\/sp174.waw.pl\/?p=3292"},"modified":"2025-01-06T19:44:53","modified_gmt":"2025-01-06T18:44:53","slug":"jaselka-szkolne-3","status":"publish","type":"post","link":"https:\/\/sp174.waw.pl\/?p=3292","title":{"rendered":"JASE\u0141KA SZKOLNE"},"content":{"rendered":"<p class=\"Standard\" style=\"text-align: justify; text-justify: inter-ideograph;\">Dnia 18 grudnia 2024 r. odby\u0142y si\u0119 szkolne Jase\u0142ka. Wydarzenie to, jak zwykle zaanga\u017cowa\u0142o ca\u0142\u0105 szko\u0142\u0119. Uczniowie klas starszych przygotowali jase\u0142kowe przedstawienie oraz kr\u00f3tk\u0105 \u015bwi\u0105teczn\u0105 inscenizacj\u0119 w j\u0119zyku angielskim. Uczniowie klas m\u0142odszych zadbali o wsp\u00f3lne kol\u0119dowanie. Odby\u0142 si\u0119 r\u00f3wnie\u017c kiermasz bo\u017conarodzeniowy i og\u0142oszenie wynik\u00f3w konkursu plastycznego na anio\u0142a. Jak zwykle by\u0142 to czas sp\u0119dzony w mi\u0142ej i radosnej atmosferze.<\/p>\n<p class=\"Standard\" style=\"text-align: justify; text-justify: inter-ideograph;\">\u00a0<\/p>\n<p class=\"Standard\" style=\"text-align: right;\" align=\"right\"><i>Marzena Delak<\/i><\/p>\n\n\n<figure class=\"wp-block-image size-large\"><img loading=\"lazy\" decoding=\"async\" width=\"1024\" height=\"721\" src=\"https:\/\/sp174.waw.pl\/wp-content\/uploads\/2025\/01\/jaselka-1024x721.jpg\" alt=\"\" class=\"wp-image-3293\" srcset=\"https:\/\/sp174.waw.pl\/wp-content\/uploads\/2025\/01\/jaselka-1024x721.jpg 1024w, https:\/\/sp174.waw.pl\/wp-content\/uploads\/2025\/01\/jaselka-300x211.jpg 300w, https:\/\/sp174.waw.pl\/wp-content\/uploads\/2025\/01\/jaselka-768x541.jpg 768w, https:\/\/sp174.waw.pl\/wp-content\/uploads\/2025\/01\/jaselka.jpg 1200w\" sizes=\"auto, (max-width: 1024px) 100vw, 1024px\" \/><\/figure>\n","protected":false},"excerpt":{"rendered":"<p>Dnia 18 grudnia 2024 r. odby\u0142y si\u0119 szkolne Jase\u0142ka. Wydarzenie to, jak zwykle zaanga\u017cowa\u0142o ca\u0142\u0105 szko\u0142\u0119. Uczniowie klas starszych przygotowali jase\u0142kowe przedstawienie oraz kr\u00f3tk\u0105 \u015bwi\u0105teczn\u0105 inscenizacj\u0119 w j\u0119zyku angielskim. Uczniowie klas m\u0142odszych zadbali o wsp\u00f3lne kol\u0119dowanie. Odby\u0142 si\u0119 r\u00f3wnie\u017c kiermasz bo\u017conarodzeniowy i og\u0142oszenie wynik\u00f3w konkursu plastycznego na anio\u0142a. Jak zwykle by\u0142 to czas sp\u0119dzony w&hellip; <br \/> <a class=\"read-more\" href=\"https:\/\/sp174.waw.pl\/?p=3292\">Czytaj dalej<\/a><\/p>\n","protected":false},"author":1,"featured_media":0,"comment_status":"closed","ping_status":"closed","sticky":false,"template":"","format":"standard","meta":{"footnotes":""},"categories":[1],"tags":[],"class_list":["post-3292","post","type-post","status-publish","format-standard","hentry","category-bez-kategorii"],"_links":{"self":[{"href":"https:\/\/sp174.waw.pl\/index.php?rest_route=\/wp\/v2\/posts\/3292","targetHints":{"allow":["GET"]}}],"collection":[{"href":"https:\/\/sp174.waw.pl\/index.php?rest_route=\/wp\/v2\/posts"}],"about":[{"href":"https:\/\/sp174.waw.pl\/index.php?rest_route=\/wp\/v2\/types\/post"}],"author":[{"embeddable":true,"href":"https:\/\/sp174.waw.pl\/index.php?rest_route=\/wp\/v2\/users\/1"}],"replies":[{"embeddable":true,"href":"https:\/\/sp174.waw.pl\/index.php?rest_route=%2Fwp%2Fv2%2Fcomments&post=3292"}],"version-history":[{"count":1,"href":"https:\/\/sp174.waw.pl\/index.php?rest_route=\/wp\/v2\/posts\/3292\/revisions"}],"predecessor-version":[{"id":3294,"href":"https:\/\/sp174.waw.pl\/index.php?rest_route=\/wp\/v2\/posts\/3292\/revisions\/3294"}],"wp:attachment":[{"href":"https:\/\/sp174.waw.pl\/index.php?rest_route=%2Fwp%2Fv2%2Fmedia&parent=3292"}],"wp:term":[{"taxonomy":"category","embeddable":true,"href":"https:\/\/sp174.waw.pl\/index.php?rest_route=%2Fwp%2Fv2%2Fcategories&post=3292"},{"taxonomy":"post_tag","embeddable":true,"href":"https:\/\/sp174.waw.pl\/index.php?rest_route=%2Fwp%2Fv2%2Ftags&post=3292"}],"curies":[{"name":"wp","href":"https:\/\/api.w.org\/{rel}","templated":true}]}}