{"id":3433,"date":"2025-02-25T21:29:37","date_gmt":"2025-02-25T20:29:37","guid":{"rendered":"https:\/\/sp174.waw.pl\/?p=3433"},"modified":"2025-02-26T21:32:03","modified_gmt":"2025-02-26T20:32:03","slug":"eliminacje-do-konkursu-recytatorskiego","status":"publish","type":"post","link":"https:\/\/sp174.waw.pl\/?p=3433","title":{"rendered":"ELIMINACJE DO KONKURSU RECYTATORSKIEGO"},"content":{"rendered":"<p>Dnia 25 lutego 2025 r. odby\u0142y si\u0119 eliminacje szkole w klasach 1-3 do konkursu recytatorskiego Warszawska Syrenka. W konkursie bra\u0142o udzia\u0142 sze\u015b\u0107 os\u00f3b:<\/p>\n<p>klasa 1a \u2013 Miko\u0142aj G\u00f3ralski \u201eZebra\u201d Hanna Niewiadomska,<\/p>\n<p>klasa 1b \u2013 Tymoteusz Haber \u201eWrona i ser\u201d Jan Brzechwa,<\/p>\n<p>klasa 2a \u2013 Jeremiasz \u015awiadek \u201eMuchy w nosie\u201d Wanda Chotomska,<\/p>\n<p>klasa 2b \u2013 Bianka Fisz \u201eZ\u0142y humorek\u201d Dorota Gellner,<\/p>\n<p>klasa 3a \u2013 Zuzanna Tomaszkiewicz \u201eArbuz\u201d Jan Brzechwa,<\/p>\n<p>klasa 3b \u2013 Nella Grabarczyk \u201eKiedy\u015b\u201d autor nieznany<\/p>\n<p>Nasz\u0105 szko\u0142\u0119 w 48 edycji konkursu na etapie dzielnicowym b\u0119dzie reprezentowa\u0142a<\/p>\n<p><strong>Zuzanna Tomaszkiewicz.<\/strong><\/p>\n<p>Gratulujemy i \u017cyczymy dalszych sukces\u00f3w!<\/p>\n<p><em>Marzena Delak<\/em><\/p>\n\n\n<figure class=\"wp-block-gallery has-nested-images columns-default is-cropped wp-block-gallery-1 is-layout-flex wp-block-gallery-is-layout-flex\">\n<figure class=\"wp-block-image size-large\"><img loading=\"lazy\" decoding=\"async\" width=\"1024\" height=\"1024\" data-id=\"3434\" src=\"https:\/\/sp174.waw.pl\/wp-content\/uploads\/2025\/02\/IMG_2240-1024x1024.jpeg\" alt=\"\" class=\"wp-image-3434\" srcset=\"https:\/\/sp174.waw.pl\/wp-content\/uploads\/2025\/02\/IMG_2240-1024x1024.jpeg 1024w, https:\/\/sp174.waw.pl\/wp-content\/uploads\/2025\/02\/IMG_2240-300x300.jpeg 300w, https:\/\/sp174.waw.pl\/wp-content\/uploads\/2025\/02\/IMG_2240-150x150.jpeg 150w, https:\/\/sp174.waw.pl\/wp-content\/uploads\/2025\/02\/IMG_2240-768x768.jpeg 768w, https:\/\/sp174.waw.pl\/wp-content\/uploads\/2025\/02\/IMG_2240-400x400.jpeg 400w, https:\/\/sp174.waw.pl\/wp-content\/uploads\/2025\/02\/IMG_2240-1536x1536.jpeg 1536w, https:\/\/sp174.waw.pl\/wp-content\/uploads\/2025\/02\/IMG_2240-1080x1080.jpeg 1080w, https:\/\/sp174.waw.pl\/wp-content\/uploads\/2025\/02\/IMG_2240.jpeg 1920w\" sizes=\"auto, (max-width: 1024px) 100vw, 1024px\" \/><\/figure>\n\n\n\n<figure class=\"wp-block-image size-large\"><img loading=\"lazy\" decoding=\"async\" width=\"1024\" height=\"1024\" data-id=\"3435\" src=\"https:\/\/sp174.waw.pl\/wp-content\/uploads\/2025\/02\/IMG_2242-1024x1024.jpeg\" alt=\"\" class=\"wp-image-3435\" srcset=\"https:\/\/sp174.waw.pl\/wp-content\/uploads\/2025\/02\/IMG_2242-1024x1024.jpeg 1024w, https:\/\/sp174.waw.pl\/wp-content\/uploads\/2025\/02\/IMG_2242-300x300.jpeg 300w, https:\/\/sp174.waw.pl\/wp-content\/uploads\/2025\/02\/IMG_2242-150x150.jpeg 150w, https:\/\/sp174.waw.pl\/wp-content\/uploads\/2025\/02\/IMG_2242-768x768.jpeg 768w, https:\/\/sp174.waw.pl\/wp-content\/uploads\/2025\/02\/IMG_2242-400x400.jpeg 400w, https:\/\/sp174.waw.pl\/wp-content\/uploads\/2025\/02\/IMG_2242-1536x1536.jpeg 1536w, https:\/\/sp174.waw.pl\/wp-content\/uploads\/2025\/02\/IMG_2242-1080x1080.jpeg 1080w, https:\/\/sp174.waw.pl\/wp-content\/uploads\/2025\/02\/IMG_2242.jpeg 1920w\" sizes=\"auto, (max-width: 1024px) 100vw, 1024px\" \/><\/figure>\n<\/figure>\n","protected":false},"excerpt":{"rendered":"<p>Dnia 25 lutego 2025 r. odby\u0142y si\u0119 eliminacje szkole w klasach 1-3 do konkursu recytatorskiego Warszawska Syrenka. W konkursie bra\u0142o udzia\u0142 sze\u015b\u0107 os\u00f3b: klasa 1a \u2013 Miko\u0142aj G\u00f3ralski \u201eZebra\u201d Hanna Niewiadomska, klasa 1b \u2013 Tymoteusz Haber \u201eWrona i ser\u201d Jan Brzechwa, klasa 2a \u2013 Jeremiasz \u015awiadek \u201eMuchy w nosie\u201d Wanda Chotomska, klasa 2b \u2013 Bianka&hellip; <br \/> <a class=\"read-more\" href=\"https:\/\/sp174.waw.pl\/?p=3433\">Czytaj dalej<\/a><\/p>\n","protected":false},"author":1,"featured_media":0,"comment_status":"closed","ping_status":"closed","sticky":false,"template":"","format":"standard","meta":{"footnotes":""},"categories":[1],"tags":[],"class_list":["post-3433","post","type-post","status-publish","format-standard","hentry","category-bez-kategorii"],"_links":{"self":[{"href":"https:\/\/sp174.waw.pl\/index.php?rest_route=\/wp\/v2\/posts\/3433","targetHints":{"allow":["GET"]}}],"collection":[{"href":"https:\/\/sp174.waw.pl\/index.php?rest_route=\/wp\/v2\/posts"}],"about":[{"href":"https:\/\/sp174.waw.pl\/index.php?rest_route=\/wp\/v2\/types\/post"}],"author":[{"embeddable":true,"href":"https:\/\/sp174.waw.pl\/index.php?rest_route=\/wp\/v2\/users\/1"}],"replies":[{"embeddable":true,"href":"https:\/\/sp174.waw.pl\/index.php?rest_route=%2Fwp%2Fv2%2Fcomments&post=3433"}],"version-history":[{"count":1,"href":"https:\/\/sp174.waw.pl\/index.php?rest_route=\/wp\/v2\/posts\/3433\/revisions"}],"predecessor-version":[{"id":3436,"href":"https:\/\/sp174.waw.pl\/index.php?rest_route=\/wp\/v2\/posts\/3433\/revisions\/3436"}],"wp:attachment":[{"href":"https:\/\/sp174.waw.pl\/index.php?rest_route=%2Fwp%2Fv2%2Fmedia&parent=3433"}],"wp:term":[{"taxonomy":"category","embeddable":true,"href":"https:\/\/sp174.waw.pl\/index.php?rest_route=%2Fwp%2Fv2%2Fcategories&post=3433"},{"taxonomy":"post_tag","embeddable":true,"href":"https:\/\/sp174.waw.pl\/index.php?rest_route=%2Fwp%2Fv2%2Ftags&post=3433"}],"curies":[{"name":"wp","href":"https:\/\/api.w.org\/{rel}","templated":true}]}}