{"id":3473,"date":"2025-03-13T11:37:31","date_gmt":"2025-03-13T10:37:31","guid":{"rendered":"https:\/\/sp174.waw.pl\/?p=3473"},"modified":"2025-03-16T11:38:34","modified_gmt":"2025-03-16T10:38:34","slug":"wyjazd-klasy-ia-do-teatr-lalka","status":"publish","type":"post","link":"https:\/\/sp174.waw.pl\/?p=3473","title":{"rendered":"Wyjazd klasy IA do Teatr Lalka"},"content":{"rendered":"<p>13 marca klasa 1a\u00a0 wybra\u0142a si\u0119 do Teatru Lalka na\u00a0spektakl pt<strong>. ,,Wakacje Miko\u0142ajka\u201d<\/strong> w re\u017cyserii Jakuba Krofty. Pierwszaki mia\u0142y okazj\u0119 zobaczy\u0107, jak Miko\u0142ajek i jego przyjaciele radz\u0105 sobie na pierwszym letnim obozie. Doskona\u0142a gra aktorska, scenografia, re\u017cyseria i wartka akcja sprawi\u0142y, \u017ce dzi\u0119ki spektaklowi uczniowie mogli przenie\u015b\u0107 si\u0119 wraz z g\u0142\u00f3wnym bohaterem na letni ob\u00f3z i piaszczyst\u0105 pla\u017c\u0119. Wyprawa do Teatru Lalka by\u0142a pe\u0142na \u015bmiechu, niespodzianek i\u2026 lalkowych sztuczek. Nasi uczniowie z zaciekawieniem \u015bledzili ka\u017cdy ruch Miko\u0142ajka i jego przyjaci\u00f3\u0142, a g\u0142o\u015bne oklaski by\u0142y najlepsz\u0105 recenzj\u0105, jak\u0105 przedstawienie mog\u0142o otrzyma\u0107.\u00a0\u00a0<\/p>\n\n\n<figure class=\"wp-block-gallery has-nested-images columns-default is-cropped wp-block-gallery-1 is-layout-flex wp-block-gallery-is-layout-flex\">\n<figure class=\"wp-block-image size-large\"><img loading=\"lazy\" decoding=\"async\" width=\"1024\" height=\"726\" data-id=\"3475\" src=\"https:\/\/sp174.waw.pl\/wp-content\/uploads\/2025\/03\/1-1024x726.png\" alt=\"\" class=\"wp-image-3475\" srcset=\"https:\/\/sp174.waw.pl\/wp-content\/uploads\/2025\/03\/1-1024x726.png 1024w, https:\/\/sp174.waw.pl\/wp-content\/uploads\/2025\/03\/1-300x213.png 300w, https:\/\/sp174.waw.pl\/wp-content\/uploads\/2025\/03\/1-768x545.png 768w, https:\/\/sp174.waw.pl\/wp-content\/uploads\/2025\/03\/1-1536x1090.png 1536w, https:\/\/sp174.waw.pl\/wp-content\/uploads\/2025\/03\/1-1522x1080.png 1522w, https:\/\/sp174.waw.pl\/wp-content\/uploads\/2025\/03\/1.png 1748w\" sizes=\"auto, (max-width: 1024px) 100vw, 1024px\" \/><\/figure>\n\n\n\n<figure class=\"wp-block-image size-large\"><img loading=\"lazy\" decoding=\"async\" width=\"1024\" height=\"726\" data-id=\"3474\" src=\"https:\/\/sp174.waw.pl\/wp-content\/uploads\/2025\/03\/2-1024x726.png\" alt=\"\" class=\"wp-image-3474\" srcset=\"https:\/\/sp174.waw.pl\/wp-content\/uploads\/2025\/03\/2-1024x726.png 1024w, https:\/\/sp174.waw.pl\/wp-content\/uploads\/2025\/03\/2-300x213.png 300w, https:\/\/sp174.waw.pl\/wp-content\/uploads\/2025\/03\/2-768x545.png 768w, https:\/\/sp174.waw.pl\/wp-content\/uploads\/2025\/03\/2-1536x1090.png 1536w, https:\/\/sp174.waw.pl\/wp-content\/uploads\/2025\/03\/2-1522x1080.png 1522w, https:\/\/sp174.waw.pl\/wp-content\/uploads\/2025\/03\/2.png 1748w\" sizes=\"auto, (max-width: 1024px) 100vw, 1024px\" \/><\/figure>\n<\/figure>\n","protected":false},"excerpt":{"rendered":"<p>13 marca klasa 1a\u00a0 wybra\u0142a si\u0119 do Teatru Lalka na\u00a0spektakl pt. ,,Wakacje Miko\u0142ajka\u201d w re\u017cyserii Jakuba Krofty. Pierwszaki mia\u0142y okazj\u0119 zobaczy\u0107, jak Miko\u0142ajek i jego przyjaciele radz\u0105 sobie na pierwszym letnim obozie. Doskona\u0142a gra aktorska, scenografia, re\u017cyseria i wartka akcja sprawi\u0142y, \u017ce dzi\u0119ki spektaklowi uczniowie mogli przenie\u015b\u0107 si\u0119 wraz z g\u0142\u00f3wnym bohaterem na letni ob\u00f3z&hellip; <br \/> <a class=\"read-more\" href=\"https:\/\/sp174.waw.pl\/?p=3473\">Czytaj dalej<\/a><\/p>\n","protected":false},"author":1,"featured_media":0,"comment_status":"closed","ping_status":"closed","sticky":false,"template":"","format":"standard","meta":{"footnotes":""},"categories":[1],"tags":[],"class_list":["post-3473","post","type-post","status-publish","format-standard","hentry","category-bez-kategorii"],"_links":{"self":[{"href":"https:\/\/sp174.waw.pl\/index.php?rest_route=\/wp\/v2\/posts\/3473","targetHints":{"allow":["GET"]}}],"collection":[{"href":"https:\/\/sp174.waw.pl\/index.php?rest_route=\/wp\/v2\/posts"}],"about":[{"href":"https:\/\/sp174.waw.pl\/index.php?rest_route=\/wp\/v2\/types\/post"}],"author":[{"embeddable":true,"href":"https:\/\/sp174.waw.pl\/index.php?rest_route=\/wp\/v2\/users\/1"}],"replies":[{"embeddable":true,"href":"https:\/\/sp174.waw.pl\/index.php?rest_route=%2Fwp%2Fv2%2Fcomments&post=3473"}],"version-history":[{"count":1,"href":"https:\/\/sp174.waw.pl\/index.php?rest_route=\/wp\/v2\/posts\/3473\/revisions"}],"predecessor-version":[{"id":3476,"href":"https:\/\/sp174.waw.pl\/index.php?rest_route=\/wp\/v2\/posts\/3473\/revisions\/3476"}],"wp:attachment":[{"href":"https:\/\/sp174.waw.pl\/index.php?rest_route=%2Fwp%2Fv2%2Fmedia&parent=3473"}],"wp:term":[{"taxonomy":"category","embeddable":true,"href":"https:\/\/sp174.waw.pl\/index.php?rest_route=%2Fwp%2Fv2%2Fcategories&post=3473"},{"taxonomy":"post_tag","embeddable":true,"href":"https:\/\/sp174.waw.pl\/index.php?rest_route=%2Fwp%2Fv2%2Ftags&post=3473"}],"curies":[{"name":"wp","href":"https:\/\/api.w.org\/{rel}","templated":true}]}}