{"id":3477,"date":"2025-03-07T21:07:29","date_gmt":"2025-03-07T20:07:29","guid":{"rendered":"https:\/\/sp174.waw.pl\/?p=3477"},"modified":"2025-03-16T21:08:48","modified_gmt":"2025-03-16T20:08:48","slug":"dzien-kobiet-w-klasie-1b","status":"publish","type":"post","link":"https:\/\/sp174.waw.pl\/?p=3477","title":{"rendered":"DZIE\u0143 KOBIET W KLASIE 1B"},"content":{"rendered":"<p class=\"Standard\" style=\"text-align: justify; text-justify: inter-ideograph;\">Dnia 7 marca 2025 r. w klasie 1b \u015bwi\u0119towali\u015bmy Dzie\u0144 Kobiet. Ch\u0142opcy pami\u0119tali o tym, by ten dzie\u0144 by\u0142 wyj\u0105tkowy dla ich kole\u017canek z klasy \u2013 wr\u0119czyli kwiatki i s\u0142odkie niespodzianki. By\u0142 to \u015bwietny czas na integracj\u0119 grupy, zabaw\u0119 we wsp\u00f3lnym gronie.<\/p>\n<p class=\"Standard\" style=\"text-align: justify; text-justify: inter-ideograph;\">\u00a0<\/p>\n<p class=\"Standard\" style=\"text-align: right;\" align=\"right\"><i>Marzena Delak<\/i><\/p>\n\n\n<figure class=\"wp-block-image size-large\"><img loading=\"lazy\" decoding=\"async\" width=\"1024\" height=\"512\" src=\"https:\/\/sp174.waw.pl\/wp-content\/uploads\/2025\/03\/Collage-2025-03-16-18_40_08-1024x512.jpg\" alt=\"\" class=\"wp-image-3478\" srcset=\"https:\/\/sp174.waw.pl\/wp-content\/uploads\/2025\/03\/Collage-2025-03-16-18_40_08-1024x512.jpg 1024w, https:\/\/sp174.waw.pl\/wp-content\/uploads\/2025\/03\/Collage-2025-03-16-18_40_08-300x150.jpg 300w, https:\/\/sp174.waw.pl\/wp-content\/uploads\/2025\/03\/Collage-2025-03-16-18_40_08-768x384.jpg 768w, https:\/\/sp174.waw.pl\/wp-content\/uploads\/2025\/03\/Collage-2025-03-16-18_40_08-1536x768.jpg 1536w, https:\/\/sp174.waw.pl\/wp-content\/uploads\/2025\/03\/Collage-2025-03-16-18_40_08.jpg 1920w\" sizes=\"auto, (max-width: 1024px) 100vw, 1024px\" \/><\/figure>\n","protected":false},"excerpt":{"rendered":"<p>Dnia 7 marca 2025 r. w klasie 1b \u015bwi\u0119towali\u015bmy Dzie\u0144 Kobiet. Ch\u0142opcy pami\u0119tali o tym, by ten dzie\u0144 by\u0142 wyj\u0105tkowy dla ich kole\u017canek z klasy \u2013 wr\u0119czyli kwiatki i s\u0142odkie niespodzianki. By\u0142 to \u015bwietny czas na integracj\u0119 grupy, zabaw\u0119 we wsp\u00f3lnym gronie. \u00a0 Marzena Delak<\/p>\n","protected":false},"author":1,"featured_media":0,"comment_status":"closed","ping_status":"closed","sticky":false,"template":"","format":"standard","meta":{"footnotes":""},"categories":[1],"tags":[],"class_list":["post-3477","post","type-post","status-publish","format-standard","hentry","category-bez-kategorii"],"_links":{"self":[{"href":"https:\/\/sp174.waw.pl\/index.php?rest_route=\/wp\/v2\/posts\/3477","targetHints":{"allow":["GET"]}}],"collection":[{"href":"https:\/\/sp174.waw.pl\/index.php?rest_route=\/wp\/v2\/posts"}],"about":[{"href":"https:\/\/sp174.waw.pl\/index.php?rest_route=\/wp\/v2\/types\/post"}],"author":[{"embeddable":true,"href":"https:\/\/sp174.waw.pl\/index.php?rest_route=\/wp\/v2\/users\/1"}],"replies":[{"embeddable":true,"href":"https:\/\/sp174.waw.pl\/index.php?rest_route=%2Fwp%2Fv2%2Fcomments&post=3477"}],"version-history":[{"count":1,"href":"https:\/\/sp174.waw.pl\/index.php?rest_route=\/wp\/v2\/posts\/3477\/revisions"}],"predecessor-version":[{"id":3479,"href":"https:\/\/sp174.waw.pl\/index.php?rest_route=\/wp\/v2\/posts\/3477\/revisions\/3479"}],"wp:attachment":[{"href":"https:\/\/sp174.waw.pl\/index.php?rest_route=%2Fwp%2Fv2%2Fmedia&parent=3477"}],"wp:term":[{"taxonomy":"category","embeddable":true,"href":"https:\/\/sp174.waw.pl\/index.php?rest_route=%2Fwp%2Fv2%2Fcategories&post=3477"},{"taxonomy":"post_tag","embeddable":true,"href":"https:\/\/sp174.waw.pl\/index.php?rest_route=%2Fwp%2Fv2%2Ftags&post=3477"}],"curies":[{"name":"wp","href":"https:\/\/api.w.org\/{rel}","templated":true}]}}