{"id":3491,"date":"2025-03-19T20:58:25","date_gmt":"2025-03-19T19:58:25","guid":{"rendered":"https:\/\/sp174.waw.pl\/?p=3491"},"modified":"2025-03-20T21:00:05","modified_gmt":"2025-03-20T20:00:05","slug":"ciemno-wszedzie-glucho-wszedzie-co-to-bedzie-co-to-bedzie","status":"publish","type":"post","link":"https:\/\/sp174.waw.pl\/?p=3491","title":{"rendered":"\u00a0\u201eCiemno wsz\u0119dzie, g\u0142ucho wsz\u0119dzie, co to b\u0119dzie, co to b\u0119dzie?\u201d"},"content":{"rendered":"<p>Adam Mickiewicz to jeden z wieszcz\u00f3w narodowych. Tworzy\u0142 on w epoce romantyzmu, kiedy to Polska znajdowa\u0142a si\u0119 pod zaborami. Pragn\u0105\u0142, aby jego tw\u00f3rczo\u015b\u0107 inspirowa\u0142a Polak\u00f3w do walki o niepodleg\u0142o\u015b\u0107. W swoich utworach utrwali\u0142 r\u00f3wnie\u017c wiele polskich tradycji i obyczaj\u00f3w.<\/p>\n<p>W dniach 18 i 19 marca na lekcjach j\u0119zyka polskiego uczniowie klasy 7a oraz 7b mieli okazj\u0119 lepiej zapozna\u0107 si\u0119 z drug\u0105 cz\u0119\u015bci\u0105 wybitnego dzie\u0142a Adama Mickiewicza pt. \u201eDziady\u201d, kt\u00f3ra przedstawia dawny obrz\u0119d zaduszny, jak r\u00f3wnie\u017c porusza g\u0142\u0119bokie tematy zwi\u0105zane z moralno\u015bci\u0105 cz\u0142owieka.<\/p>\n<p>Na zaj\u0119ciach m\u0142odzie\u017c prze\u017cy\u0142a \u201eDziady\u201d w zupe\u0142nie nowej ods\u0142onie \u2013 klasy sta\u0142y si\u0119 pe\u0142nymi zagadek pokojami niczym z Escape Roomu. Dekoracje i nastrojowa muzyka pozwoli\u0142y uczniom ca\u0142kowicie przenikn\u0105\u0107 do \u015bwiata romantycznego utworu. Wszyscy musieli wsp\u00f3\u0142pracowa\u0107 oraz wykaza\u0107 si\u0119 sprytem i wiedz\u0105, aby odnale\u017a\u0107 i rozwi\u0105za\u0107 czekaj\u0105ce na nich zadania zwi\u0105zane z tre\u015bci\u0105 lektury. Escape Room okaza\u0142 si\u0119 \u015bwietnym sposobem na zaanga\u017cowanie uczni\u00f3w. Za pomoc\u0105 tej innowacyjnej lekcji uda\u0142o si\u0119 pokaza\u0107, \u017ce literatura jest pe\u0142na emocji i magii.<\/p>\n<p>\u00a0<\/p>\n<p>Martyna Paluch<\/p>\n\n\n<figure class=\"wp-block-image size-large\"><img loading=\"lazy\" decoding=\"async\" width=\"1024\" height=\"1024\" src=\"https:\/\/sp174.waw.pl\/wp-content\/uploads\/2025\/03\/Dziady-cz.-II-1024x1024.jpg\" alt=\"\" class=\"wp-image-3492\" srcset=\"https:\/\/sp174.waw.pl\/wp-content\/uploads\/2025\/03\/Dziady-cz.-II-1024x1024.jpg 1024w, https:\/\/sp174.waw.pl\/wp-content\/uploads\/2025\/03\/Dziady-cz.-II-300x300.jpg 300w, https:\/\/sp174.waw.pl\/wp-content\/uploads\/2025\/03\/Dziady-cz.-II-150x150.jpg 150w, https:\/\/sp174.waw.pl\/wp-content\/uploads\/2025\/03\/Dziady-cz.-II-768x768.jpg 768w, https:\/\/sp174.waw.pl\/wp-content\/uploads\/2025\/03\/Dziady-cz.-II-400x400.jpg 400w, https:\/\/sp174.waw.pl\/wp-content\/uploads\/2025\/03\/Dziady-cz.-II-1536x1536.jpg 1536w, https:\/\/sp174.waw.pl\/wp-content\/uploads\/2025\/03\/Dziady-cz.-II-1080x1080.jpg 1080w, https:\/\/sp174.waw.pl\/wp-content\/uploads\/2025\/03\/Dziady-cz.-II.jpg 1920w\" sizes=\"auto, (max-width: 1024px) 100vw, 1024px\" \/><\/figure>\n","protected":false},"excerpt":{"rendered":"<p>Adam Mickiewicz to jeden z wieszcz\u00f3w narodowych. Tworzy\u0142 on w epoce romantyzmu, kiedy to Polska znajdowa\u0142a si\u0119 pod zaborami. Pragn\u0105\u0142, aby jego tw\u00f3rczo\u015b\u0107 inspirowa\u0142a Polak\u00f3w do walki o niepodleg\u0142o\u015b\u0107. W swoich utworach utrwali\u0142 r\u00f3wnie\u017c wiele polskich tradycji i obyczaj\u00f3w. W dniach 18 i 19 marca na lekcjach j\u0119zyka polskiego uczniowie klasy 7a oraz 7b mieli&hellip; <br \/> <a class=\"read-more\" href=\"https:\/\/sp174.waw.pl\/?p=3491\">Czytaj dalej<\/a><\/p>\n","protected":false},"author":1,"featured_media":0,"comment_status":"closed","ping_status":"closed","sticky":false,"template":"","format":"standard","meta":{"footnotes":""},"categories":[1],"tags":[],"class_list":["post-3491","post","type-post","status-publish","format-standard","hentry","category-bez-kategorii"],"_links":{"self":[{"href":"https:\/\/sp174.waw.pl\/index.php?rest_route=\/wp\/v2\/posts\/3491","targetHints":{"allow":["GET"]}}],"collection":[{"href":"https:\/\/sp174.waw.pl\/index.php?rest_route=\/wp\/v2\/posts"}],"about":[{"href":"https:\/\/sp174.waw.pl\/index.php?rest_route=\/wp\/v2\/types\/post"}],"author":[{"embeddable":true,"href":"https:\/\/sp174.waw.pl\/index.php?rest_route=\/wp\/v2\/users\/1"}],"replies":[{"embeddable":true,"href":"https:\/\/sp174.waw.pl\/index.php?rest_route=%2Fwp%2Fv2%2Fcomments&post=3491"}],"version-history":[{"count":1,"href":"https:\/\/sp174.waw.pl\/index.php?rest_route=\/wp\/v2\/posts\/3491\/revisions"}],"predecessor-version":[{"id":3493,"href":"https:\/\/sp174.waw.pl\/index.php?rest_route=\/wp\/v2\/posts\/3491\/revisions\/3493"}],"wp:attachment":[{"href":"https:\/\/sp174.waw.pl\/index.php?rest_route=%2Fwp%2Fv2%2Fmedia&parent=3491"}],"wp:term":[{"taxonomy":"category","embeddable":true,"href":"https:\/\/sp174.waw.pl\/index.php?rest_route=%2Fwp%2Fv2%2Fcategories&post=3491"},{"taxonomy":"post_tag","embeddable":true,"href":"https:\/\/sp174.waw.pl\/index.php?rest_route=%2Fwp%2Fv2%2Ftags&post=3491"}],"curies":[{"name":"wp","href":"https:\/\/api.w.org\/{rel}","templated":true}]}}