{"id":3494,"date":"2025-03-18T20:49:08","date_gmt":"2025-03-18T19:49:08","guid":{"rendered":"https:\/\/sp174.waw.pl\/?p=3494"},"modified":"2025-03-21T20:50:08","modified_gmt":"2025-03-21T19:50:08","slug":"koncert-o-instrumentach-smyczkowych","status":"publish","type":"post","link":"https:\/\/sp174.waw.pl\/?p=3494","title":{"rendered":"KONCERT \u2013 O INSTRUMENTACH SMYCZKOWYCH"},"content":{"rendered":"<p class=\"Standard\" style=\"text-align: justify; text-justify: inter-ideograph;\">Dnia 18 marca 2025 r. odby\u0142 si\u0119 koncert \u201eO instrumentach smyczkowych\u201d. W trakcie spotkania zosta\u0142a zaprezentowana kr\u00f3tka historia powstania tych najwa\u017cniejszych, podstawowych instrument\u00f3w europejskiej kultury muzycznej. Zabrzmia\u0142y skrzypce, alt\u00f3wka, wiolonczela i kontrabas z towarzyszeniem fortepianu. W dalszej cz\u0119\u015bci programu zosta\u0142y wykonane z t\u0105 najmniejsz\u0105 orkiestr\u0105 fragment koncertu fortepianowego f-moll Fryderyka Chopina oraz fragment koncertu fortepianowego A-dur Wolfganga Amadeusza Mozarta. Uczniowie mogli r\u00f3wnie\u017c sprawdzi\u0107 si\u0119 w roli dyrygenta trzymaj\u0105c w d\u0142oni batut\u0119.<\/p>\n\n\n<figure class=\"wp-block-image size-large\"><img loading=\"lazy\" decoding=\"async\" width=\"1024\" height=\"1024\" src=\"https:\/\/sp174.waw.pl\/wp-content\/uploads\/2025\/03\/IMG_2614-1024x1024.jpeg\" alt=\"\" class=\"wp-image-3495\" srcset=\"https:\/\/sp174.waw.pl\/wp-content\/uploads\/2025\/03\/IMG_2614-1024x1024.jpeg 1024w, https:\/\/sp174.waw.pl\/wp-content\/uploads\/2025\/03\/IMG_2614-300x300.jpeg 300w, https:\/\/sp174.waw.pl\/wp-content\/uploads\/2025\/03\/IMG_2614-150x150.jpeg 150w, https:\/\/sp174.waw.pl\/wp-content\/uploads\/2025\/03\/IMG_2614-768x768.jpeg 768w, https:\/\/sp174.waw.pl\/wp-content\/uploads\/2025\/03\/IMG_2614-400x400.jpeg 400w, https:\/\/sp174.waw.pl\/wp-content\/uploads\/2025\/03\/IMG_2614-1536x1536.jpeg 1536w, https:\/\/sp174.waw.pl\/wp-content\/uploads\/2025\/03\/IMG_2614-1080x1080.jpeg 1080w, https:\/\/sp174.waw.pl\/wp-content\/uploads\/2025\/03\/IMG_2614.jpeg 1920w\" sizes=\"auto, (max-width: 1024px) 100vw, 1024px\" \/><\/figure>\n","protected":false},"excerpt":{"rendered":"<p>Dnia 18 marca 2025 r. odby\u0142 si\u0119 koncert \u201eO instrumentach smyczkowych\u201d. W trakcie spotkania zosta\u0142a zaprezentowana kr\u00f3tka historia powstania tych najwa\u017cniejszych, podstawowych instrument\u00f3w europejskiej kultury muzycznej. Zabrzmia\u0142y skrzypce, alt\u00f3wka, wiolonczela i kontrabas z towarzyszeniem fortepianu. W dalszej cz\u0119\u015bci programu zosta\u0142y wykonane z t\u0105 najmniejsz\u0105 orkiestr\u0105 fragment koncertu fortepianowego f-moll Fryderyka Chopina oraz fragment koncertu fortepianowego&hellip; <br \/> <a class=\"read-more\" href=\"https:\/\/sp174.waw.pl\/?p=3494\">Czytaj dalej<\/a><\/p>\n","protected":false},"author":1,"featured_media":0,"comment_status":"closed","ping_status":"closed","sticky":false,"template":"","format":"standard","meta":{"footnotes":""},"categories":[1],"tags":[],"class_list":["post-3494","post","type-post","status-publish","format-standard","hentry","category-bez-kategorii"],"_links":{"self":[{"href":"https:\/\/sp174.waw.pl\/index.php?rest_route=\/wp\/v2\/posts\/3494","targetHints":{"allow":["GET"]}}],"collection":[{"href":"https:\/\/sp174.waw.pl\/index.php?rest_route=\/wp\/v2\/posts"}],"about":[{"href":"https:\/\/sp174.waw.pl\/index.php?rest_route=\/wp\/v2\/types\/post"}],"author":[{"embeddable":true,"href":"https:\/\/sp174.waw.pl\/index.php?rest_route=\/wp\/v2\/users\/1"}],"replies":[{"embeddable":true,"href":"https:\/\/sp174.waw.pl\/index.php?rest_route=%2Fwp%2Fv2%2Fcomments&post=3494"}],"version-history":[{"count":1,"href":"https:\/\/sp174.waw.pl\/index.php?rest_route=\/wp\/v2\/posts\/3494\/revisions"}],"predecessor-version":[{"id":3496,"href":"https:\/\/sp174.waw.pl\/index.php?rest_route=\/wp\/v2\/posts\/3494\/revisions\/3496"}],"wp:attachment":[{"href":"https:\/\/sp174.waw.pl\/index.php?rest_route=%2Fwp%2Fv2%2Fmedia&parent=3494"}],"wp:term":[{"taxonomy":"category","embeddable":true,"href":"https:\/\/sp174.waw.pl\/index.php?rest_route=%2Fwp%2Fv2%2Fcategories&post=3494"},{"taxonomy":"post_tag","embeddable":true,"href":"https:\/\/sp174.waw.pl\/index.php?rest_route=%2Fwp%2Fv2%2Ftags&post=3494"}],"curies":[{"name":"wp","href":"https:\/\/api.w.org\/{rel}","templated":true}]}}