{"id":3497,"date":"2025-03-12T20:50:15","date_gmt":"2025-03-12T19:50:15","guid":{"rendered":"https:\/\/sp174.waw.pl\/?p=3497"},"modified":"2025-03-21T20:51:13","modified_gmt":"2025-03-21T19:51:13","slug":"klasa-2a-sadzila-narcyzy","status":"publish","type":"post","link":"https:\/\/sp174.waw.pl\/?p=3497","title":{"rendered":"Klasa 2A sadzi\u0142a narcyzy!"},"content":{"rendered":"<p>12 marca uczniowie klasy 2A wzi\u0119li udzia\u0142 w wyj\u0105tkowej lekcji przyrody \u2013 wsp\u00f3lnym sadzeniu narcyz\u00f3w. Cebulki kwiat\u00f3w otrzymali\u015bmy od <strong>Szk\u00f3\u0142ki Ro\u015blin i Krzew\u00f3w Dorota i Piotr Rozenek w Ka\u0142uszynie<\/strong> za co serdecznie dzi\u0119kujemy! J<\/p>\n<p>Dzi\u0119ki temu do\u015bwiadczeniu dzieci nie tylko upi\u0119kszy\u0142y swoj\u0105 klas\u0119, ale tak\u017ce nauczy\u0142y si\u0119, jak prawid\u0142owo sadzi\u0107 ro\u015bliny i dba\u0107 o nie. Teraz z niecierpliwo\u015bci\u0105 czekamy, a\u017c nasze narcyzy zakwitn\u0105 i wprowadz\u0105 wiosenn\u0105 atmosfer\u0119 do naszej szko\u0142y.<\/p>\n\n\n<figure class=\"wp-block-gallery has-nested-images columns-default is-cropped wp-block-gallery-1 is-layout-flex wp-block-gallery-is-layout-flex\">\n<figure class=\"wp-block-image size-large\"><img loading=\"lazy\" decoding=\"async\" width=\"1024\" height=\"1024\" data-id=\"3498\" src=\"https:\/\/sp174.waw.pl\/wp-content\/uploads\/2025\/03\/IMG_9341-1024x1024.jpeg\" alt=\"\" class=\"wp-image-3498\" srcset=\"https:\/\/sp174.waw.pl\/wp-content\/uploads\/2025\/03\/IMG_9341-1024x1024.jpeg 1024w, https:\/\/sp174.waw.pl\/wp-content\/uploads\/2025\/03\/IMG_9341-300x300.jpeg 300w, https:\/\/sp174.waw.pl\/wp-content\/uploads\/2025\/03\/IMG_9341-150x150.jpeg 150w, https:\/\/sp174.waw.pl\/wp-content\/uploads\/2025\/03\/IMG_9341-768x768.jpeg 768w, https:\/\/sp174.waw.pl\/wp-content\/uploads\/2025\/03\/IMG_9341-400x400.jpeg 400w, https:\/\/sp174.waw.pl\/wp-content\/uploads\/2025\/03\/IMG_9341-1536x1536.jpeg 1536w, https:\/\/sp174.waw.pl\/wp-content\/uploads\/2025\/03\/IMG_9341-1080x1080.jpeg 1080w, https:\/\/sp174.waw.pl\/wp-content\/uploads\/2025\/03\/IMG_9341.jpeg 1920w\" sizes=\"auto, (max-width: 1024px) 100vw, 1024px\" \/><\/figure>\n\n\n\n<figure class=\"wp-block-image size-large\"><img loading=\"lazy\" decoding=\"async\" width=\"1024\" height=\"993\" data-id=\"3499\" src=\"https:\/\/sp174.waw.pl\/wp-content\/uploads\/2025\/03\/IMG_9342-1024x993.jpeg\" alt=\"\" class=\"wp-image-3499\" srcset=\"https:\/\/sp174.waw.pl\/wp-content\/uploads\/2025\/03\/IMG_9342-1024x993.jpeg 1024w, https:\/\/sp174.waw.pl\/wp-content\/uploads\/2025\/03\/IMG_9342-300x291.jpeg 300w, https:\/\/sp174.waw.pl\/wp-content\/uploads\/2025\/03\/IMG_9342-768x745.jpeg 768w, https:\/\/sp174.waw.pl\/wp-content\/uploads\/2025\/03\/IMG_9342-1536x1490.jpeg 1536w, https:\/\/sp174.waw.pl\/wp-content\/uploads\/2025\/03\/IMG_9342-1114x1080.jpeg 1114w, https:\/\/sp174.waw.pl\/wp-content\/uploads\/2025\/03\/IMG_9342.jpeg 1591w\" sizes=\"auto, (max-width: 1024px) 100vw, 1024px\" \/><\/figure>\n<\/figure>\n","protected":false},"excerpt":{"rendered":"<p>12 marca uczniowie klasy 2A wzi\u0119li udzia\u0142 w wyj\u0105tkowej lekcji przyrody \u2013 wsp\u00f3lnym sadzeniu narcyz\u00f3w. Cebulki kwiat\u00f3w otrzymali\u015bmy od Szk\u00f3\u0142ki Ro\u015blin i Krzew\u00f3w Dorota i Piotr Rozenek w Ka\u0142uszynie za co serdecznie dzi\u0119kujemy! J Dzi\u0119ki temu do\u015bwiadczeniu dzieci nie tylko upi\u0119kszy\u0142y swoj\u0105 klas\u0119, ale tak\u017ce nauczy\u0142y si\u0119, jak prawid\u0142owo sadzi\u0107 ro\u015bliny i dba\u0107 o nie.&hellip; <br \/> <a class=\"read-more\" href=\"https:\/\/sp174.waw.pl\/?p=3497\">Czytaj dalej<\/a><\/p>\n","protected":false},"author":1,"featured_media":0,"comment_status":"closed","ping_status":"closed","sticky":false,"template":"","format":"standard","meta":{"footnotes":""},"categories":[1],"tags":[],"class_list":["post-3497","post","type-post","status-publish","format-standard","hentry","category-bez-kategorii"],"_links":{"self":[{"href":"https:\/\/sp174.waw.pl\/index.php?rest_route=\/wp\/v2\/posts\/3497","targetHints":{"allow":["GET"]}}],"collection":[{"href":"https:\/\/sp174.waw.pl\/index.php?rest_route=\/wp\/v2\/posts"}],"about":[{"href":"https:\/\/sp174.waw.pl\/index.php?rest_route=\/wp\/v2\/types\/post"}],"author":[{"embeddable":true,"href":"https:\/\/sp174.waw.pl\/index.php?rest_route=\/wp\/v2\/users\/1"}],"replies":[{"embeddable":true,"href":"https:\/\/sp174.waw.pl\/index.php?rest_route=%2Fwp%2Fv2%2Fcomments&post=3497"}],"version-history":[{"count":1,"href":"https:\/\/sp174.waw.pl\/index.php?rest_route=\/wp\/v2\/posts\/3497\/revisions"}],"predecessor-version":[{"id":3500,"href":"https:\/\/sp174.waw.pl\/index.php?rest_route=\/wp\/v2\/posts\/3497\/revisions\/3500"}],"wp:attachment":[{"href":"https:\/\/sp174.waw.pl\/index.php?rest_route=%2Fwp%2Fv2%2Fmedia&parent=3497"}],"wp:term":[{"taxonomy":"category","embeddable":true,"href":"https:\/\/sp174.waw.pl\/index.php?rest_route=%2Fwp%2Fv2%2Fcategories&post=3497"},{"taxonomy":"post_tag","embeddable":true,"href":"https:\/\/sp174.waw.pl\/index.php?rest_route=%2Fwp%2Fv2%2Ftags&post=3497"}],"curies":[{"name":"wp","href":"https:\/\/api.w.org\/{rel}","templated":true}]}}