{"id":3544,"date":"2025-04-16T17:27:19","date_gmt":"2025-04-16T15:27:19","guid":{"rendered":"https:\/\/sp174.waw.pl\/?p=3544"},"modified":"2025-04-24T17:28:51","modified_gmt":"2025-04-24T15:28:51","slug":"poznajemy-muzyke-francji-klasa-ia-na-koncercie-w-filharmonii","status":"publish","type":"post","link":"https:\/\/sp174.waw.pl\/?p=3544","title":{"rendered":"Poznajemy muzyk\u0119 Francji \u2013 klasa Ia na koncercie w filharmonii."},"content":{"rendered":"<p>Dnia 16 kwietnia uczniowie klasy I uczestniczyli w niezwyk\u0142ym muzycznym wydarzeniu w Filharmonii \u2013 koncercie edukacyjnym pod has\u0142em \u201eMuzyka francuska w pigu\u0142ce\u201d. Podczas tego spotkania dzieci mia\u0142y okazj\u0119 pozna\u0107 najs\u0142ynniejszych francuskich kompozytor\u00f3w i ich niezapomniane utwory. Rozbrzmia\u0142y d\u017awi\u0119ki \u201eCarmen\u201d Georgesa Bizeta, a tak\u017ce nastrojowe kompozycje impresjonist\u00f3w, kt\u00f3re przenios\u0142y nas do magicznego \u015bwiata francuskiej muzyki. Nie zabrak\u0142o r\u00f3wnie\u017c wspania\u0142ych, dobrze znanych francuskich piosenek, kt\u00f3re zachwyci\u0142y m\u0142odych s\u0142uchaczy swoj\u0105 melodi\u0105 i klimatem. Opr\u00f3cz samego koncertu dzieci aktywnie uczestniczy\u0142y w edu-muzycznych zabawach, kt\u00f3re w ciekawy i anga\u017cuj\u0105cy spos\u00f3b przybli\u017cy\u0142y im tajniki muzyki. Wsp\u00f3lna rado\u015b\u0107, \u015bmiech i zachwyt towarzyszy\u0142y nam przez ca\u0142e spotkanie. To by\u0142o cudowne, melodyjne przedpo\u0142udnie pe\u0142ne muzycznych inspiracji, ciekawostek i pozytywnych emocji.<\/p>\n<p>Z pewno\u015bci\u0105 d\u0142ugo b\u0119dziemy wspomina\u0107 t\u0119 wyj\u0105tkow\u0105 wizyt\u0119 w \u015bwiecie francuskich d\u017awi\u0119k\u00f3w!<\/p>\n\n\n<figure class=\"wp-block-gallery has-nested-images columns-default is-cropped wp-block-gallery-1 is-layout-flex wp-block-gallery-is-layout-flex\">\n<figure class=\"wp-block-image size-large\"><img loading=\"lazy\" decoding=\"async\" width=\"1024\" height=\"726\" data-id=\"3546\" src=\"https:\/\/sp174.waw.pl\/wp-content\/uploads\/2025\/04\/1-3-1024x726.png\" alt=\"\" class=\"wp-image-3546\" srcset=\"https:\/\/sp174.waw.pl\/wp-content\/uploads\/2025\/04\/1-3-1024x726.png 1024w, https:\/\/sp174.waw.pl\/wp-content\/uploads\/2025\/04\/1-3-300x213.png 300w, https:\/\/sp174.waw.pl\/wp-content\/uploads\/2025\/04\/1-3-768x545.png 768w, https:\/\/sp174.waw.pl\/wp-content\/uploads\/2025\/04\/1-3-1536x1090.png 1536w, https:\/\/sp174.waw.pl\/wp-content\/uploads\/2025\/04\/1-3-1522x1080.png 1522w, https:\/\/sp174.waw.pl\/wp-content\/uploads\/2025\/04\/1-3.png 1748w\" sizes=\"auto, (max-width: 1024px) 100vw, 1024px\" \/><\/figure>\n\n\n\n<figure class=\"wp-block-image size-large\"><img loading=\"lazy\" decoding=\"async\" width=\"1024\" height=\"726\" data-id=\"3545\" src=\"https:\/\/sp174.waw.pl\/wp-content\/uploads\/2025\/04\/2-3-1024x726.png\" alt=\"\" class=\"wp-image-3545\" srcset=\"https:\/\/sp174.waw.pl\/wp-content\/uploads\/2025\/04\/2-3-1024x726.png 1024w, https:\/\/sp174.waw.pl\/wp-content\/uploads\/2025\/04\/2-3-300x213.png 300w, https:\/\/sp174.waw.pl\/wp-content\/uploads\/2025\/04\/2-3-768x545.png 768w, https:\/\/sp174.waw.pl\/wp-content\/uploads\/2025\/04\/2-3-1536x1090.png 1536w, https:\/\/sp174.waw.pl\/wp-content\/uploads\/2025\/04\/2-3-1522x1080.png 1522w, https:\/\/sp174.waw.pl\/wp-content\/uploads\/2025\/04\/2-3.png 1748w\" sizes=\"auto, (max-width: 1024px) 100vw, 1024px\" \/><\/figure>\n<\/figure>\n","protected":false},"excerpt":{"rendered":"<p>Dnia 16 kwietnia uczniowie klasy I uczestniczyli w niezwyk\u0142ym muzycznym wydarzeniu w Filharmonii \u2013 koncercie edukacyjnym pod has\u0142em \u201eMuzyka francuska w pigu\u0142ce\u201d. Podczas tego spotkania dzieci mia\u0142y okazj\u0119 pozna\u0107 najs\u0142ynniejszych francuskich kompozytor\u00f3w i ich niezapomniane utwory. Rozbrzmia\u0142y d\u017awi\u0119ki \u201eCarmen\u201d Georgesa Bizeta, a tak\u017ce nastrojowe kompozycje impresjonist\u00f3w, kt\u00f3re przenios\u0142y nas do magicznego \u015bwiata francuskiej muzyki. Nie&hellip; <br \/> <a class=\"read-more\" href=\"https:\/\/sp174.waw.pl\/?p=3544\">Czytaj dalej<\/a><\/p>\n","protected":false},"author":1,"featured_media":0,"comment_status":"closed","ping_status":"closed","sticky":false,"template":"","format":"standard","meta":{"footnotes":""},"categories":[1],"tags":[],"class_list":["post-3544","post","type-post","status-publish","format-standard","hentry","category-bez-kategorii"],"_links":{"self":[{"href":"https:\/\/sp174.waw.pl\/index.php?rest_route=\/wp\/v2\/posts\/3544","targetHints":{"allow":["GET"]}}],"collection":[{"href":"https:\/\/sp174.waw.pl\/index.php?rest_route=\/wp\/v2\/posts"}],"about":[{"href":"https:\/\/sp174.waw.pl\/index.php?rest_route=\/wp\/v2\/types\/post"}],"author":[{"embeddable":true,"href":"https:\/\/sp174.waw.pl\/index.php?rest_route=\/wp\/v2\/users\/1"}],"replies":[{"embeddable":true,"href":"https:\/\/sp174.waw.pl\/index.php?rest_route=%2Fwp%2Fv2%2Fcomments&post=3544"}],"version-history":[{"count":1,"href":"https:\/\/sp174.waw.pl\/index.php?rest_route=\/wp\/v2\/posts\/3544\/revisions"}],"predecessor-version":[{"id":3547,"href":"https:\/\/sp174.waw.pl\/index.php?rest_route=\/wp\/v2\/posts\/3544\/revisions\/3547"}],"wp:attachment":[{"href":"https:\/\/sp174.waw.pl\/index.php?rest_route=%2Fwp%2Fv2%2Fmedia&parent=3544"}],"wp:term":[{"taxonomy":"category","embeddable":true,"href":"https:\/\/sp174.waw.pl\/index.php?rest_route=%2Fwp%2Fv2%2Fcategories&post=3544"},{"taxonomy":"post_tag","embeddable":true,"href":"https:\/\/sp174.waw.pl\/index.php?rest_route=%2Fwp%2Fv2%2Ftags&post=3544"}],"curies":[{"name":"wp","href":"https:\/\/api.w.org\/{rel}","templated":true}]}}