{"id":3552,"date":"2025-04-14T21:24:02","date_gmt":"2025-04-14T19:24:02","guid":{"rendered":"https:\/\/sp174.waw.pl\/?p=3552"},"modified":"2025-04-24T21:24:57","modified_gmt":"2025-04-24T19:24:57","slug":"proces-balladyny-w-klasach-7a-i-7b","status":"publish","type":"post","link":"https:\/\/sp174.waw.pl\/?p=3552","title":{"rendered":"Proces Balladyny w klasach 7A i 7B"},"content":{"rendered":"<p>W kwietniu, na lekcjach j\u0119zyka polskiego uczniowie klas 7A i 7B mieli okazj\u0119 wcieli\u0107 si\u0119 w rol\u0119 obro\u0144c\u00f3w, prokurator\u00f3w oraz \u015bwiadk\u00f3w w procesie Balladyny \u2013 bardzo dobrze znanej im g\u0142\u00f3wnej bohaterki \u00a0jednego z najwybitniejszych dzie\u0142 Juliusza S\u0142owackiego.<\/p>\n<p>Zaj\u0119cia pozwoli\u0142y uczniom nie tylko zg\u0142\u0119bi\u0107 tre\u015b\u0107 lektury, lecz tak\u017ce rozwin\u0105\u0107 umiej\u0119tno\u015b\u0107 argumentacji, krytycznego my\u015blenia oraz pracy zespo\u0142owej. W trakcie rozpraw s\u0105dowych toczy\u0142a si\u0119 zaci\u0119ta debata, kt\u00f3ra rozbudzi\u0142a w uczestnikach wiele emocji. Oskar\u017cyciele przedstawiali dowody na win\u0119 Balladyny, przywo\u0142uj\u0105c jej kolejne czyny, za\u015b obro\u0144cy starali si\u0119 znale\u017a\u0107 usprawiedliwienie dla jej post\u0119powania, analizuj\u0105c motywy i okoliczno\u015bci, kt\u00f3re doprowadzi\u0142y do tragicznych wydarze\u0144. Ka\u017cdy z proces\u00f3w zako\u0144czy\u0142 si\u0119 wydaniem stosownego wyroku dla Balladyny.<\/p>\n<p>Uczniowie wykazali si\u0119 niezwyk\u0142\u0105 kreatywno\u015bci, pracowito\u015bci\u0105 i zaanga\u017cowaniem. Na szczeg\u00f3lne wyr\u00f3\u017cnienie zas\u0142uguj\u0105 Alicja Kaczorowska, Miko\u0142aj Hordejuk, Antonina Grochowska oraz Maja Laziuk.<\/p>\n<p>Na koniec, chcia\u0142am bardzo podzi\u0119kowa\u0107 wszystkim uczniom za stworzenie tak niezapomnianych lekcji!<\/p>\n<p>\u00a0<\/p>\n<p>Martyna Paluch<\/p>\n\n\n<figure class=\"wp-block-image size-large\"><img loading=\"lazy\" decoding=\"async\" width=\"1024\" height=\"1024\" src=\"https:\/\/sp174.waw.pl\/wp-content\/uploads\/2025\/04\/Proces-Balladyny-9.04-i-14.04-1024x1024.jpg\" alt=\"\" class=\"wp-image-3553\" srcset=\"https:\/\/sp174.waw.pl\/wp-content\/uploads\/2025\/04\/Proces-Balladyny-9.04-i-14.04-1024x1024.jpg 1024w, https:\/\/sp174.waw.pl\/wp-content\/uploads\/2025\/04\/Proces-Balladyny-9.04-i-14.04-300x300.jpg 300w, https:\/\/sp174.waw.pl\/wp-content\/uploads\/2025\/04\/Proces-Balladyny-9.04-i-14.04-150x150.jpg 150w, https:\/\/sp174.waw.pl\/wp-content\/uploads\/2025\/04\/Proces-Balladyny-9.04-i-14.04-768x768.jpg 768w, https:\/\/sp174.waw.pl\/wp-content\/uploads\/2025\/04\/Proces-Balladyny-9.04-i-14.04-400x400.jpg 400w, https:\/\/sp174.waw.pl\/wp-content\/uploads\/2025\/04\/Proces-Balladyny-9.04-i-14.04-1536x1536.jpg 1536w, https:\/\/sp174.waw.pl\/wp-content\/uploads\/2025\/04\/Proces-Balladyny-9.04-i-14.04-1080x1080.jpg 1080w, https:\/\/sp174.waw.pl\/wp-content\/uploads\/2025\/04\/Proces-Balladyny-9.04-i-14.04.jpg 1920w\" sizes=\"auto, (max-width: 1024px) 100vw, 1024px\" \/><\/figure>\n","protected":false},"excerpt":{"rendered":"<p>W kwietniu, na lekcjach j\u0119zyka polskiego uczniowie klas 7A i 7B mieli okazj\u0119 wcieli\u0107 si\u0119 w rol\u0119 obro\u0144c\u00f3w, prokurator\u00f3w oraz \u015bwiadk\u00f3w w procesie Balladyny \u2013 bardzo dobrze znanej im g\u0142\u00f3wnej bohaterki \u00a0jednego z najwybitniejszych dzie\u0142 Juliusza S\u0142owackiego. Zaj\u0119cia pozwoli\u0142y uczniom nie tylko zg\u0142\u0119bi\u0107 tre\u015b\u0107 lektury, lecz tak\u017ce rozwin\u0105\u0107 umiej\u0119tno\u015b\u0107 argumentacji, krytycznego my\u015blenia oraz pracy zespo\u0142owej.&hellip; <br \/> <a class=\"read-more\" href=\"https:\/\/sp174.waw.pl\/?p=3552\">Czytaj dalej<\/a><\/p>\n","protected":false},"author":1,"featured_media":0,"comment_status":"closed","ping_status":"closed","sticky":false,"template":"","format":"standard","meta":{"footnotes":""},"categories":[1],"tags":[],"class_list":["post-3552","post","type-post","status-publish","format-standard","hentry","category-bez-kategorii"],"_links":{"self":[{"href":"https:\/\/sp174.waw.pl\/index.php?rest_route=\/wp\/v2\/posts\/3552","targetHints":{"allow":["GET"]}}],"collection":[{"href":"https:\/\/sp174.waw.pl\/index.php?rest_route=\/wp\/v2\/posts"}],"about":[{"href":"https:\/\/sp174.waw.pl\/index.php?rest_route=\/wp\/v2\/types\/post"}],"author":[{"embeddable":true,"href":"https:\/\/sp174.waw.pl\/index.php?rest_route=\/wp\/v2\/users\/1"}],"replies":[{"embeddable":true,"href":"https:\/\/sp174.waw.pl\/index.php?rest_route=%2Fwp%2Fv2%2Fcomments&post=3552"}],"version-history":[{"count":1,"href":"https:\/\/sp174.waw.pl\/index.php?rest_route=\/wp\/v2\/posts\/3552\/revisions"}],"predecessor-version":[{"id":3554,"href":"https:\/\/sp174.waw.pl\/index.php?rest_route=\/wp\/v2\/posts\/3552\/revisions\/3554"}],"wp:attachment":[{"href":"https:\/\/sp174.waw.pl\/index.php?rest_route=%2Fwp%2Fv2%2Fmedia&parent=3552"}],"wp:term":[{"taxonomy":"category","embeddable":true,"href":"https:\/\/sp174.waw.pl\/index.php?rest_route=%2Fwp%2Fv2%2Fcategories&post=3552"},{"taxonomy":"post_tag","embeddable":true,"href":"https:\/\/sp174.waw.pl\/index.php?rest_route=%2Fwp%2Fv2%2Ftags&post=3552"}],"curies":[{"name":"wp","href":"https:\/\/api.w.org\/{rel}","templated":true}]}}