{"id":3570,"date":"2025-04-01T19:54:24","date_gmt":"2025-04-01T17:54:24","guid":{"rendered":"https:\/\/sp174.waw.pl\/?p=3570"},"modified":"2025-05-11T19:55:17","modified_gmt":"2025-05-11T17:55:17","slug":"tance-rewii-i-musicali-koncert","status":"publish","type":"post","link":"https:\/\/sp174.waw.pl\/?p=3570","title":{"rendered":"TA\u0143CE REWII I MUSICALI \u2013 koncert"},"content":{"rendered":"<p class=\"Standard\">Dnia 1 kwietnia 2025 r. uczniowie wzi\u0119li udzia\u0142 w koncercie \u201eTa\u0144ce rewii i musicali\u201d. W programie zaprezentowane zosta\u0142y ta\u0144ce ze znanych kabaret\u00f3w i musiacli, min. Kankan, Deszczowa Piosenka, Grease, itp. To by\u0142 pe\u0142en energii i rado\u015bci koncert.<\/p>\n<p class=\"Standard\">\u00a0<\/p>\n<p class=\"Standard\" style=\"text-align: right;\" align=\"right\"><i>Marzena Delak<\/i><\/p>\n\n\n<figure class=\"wp-block-image size-large\"><img loading=\"lazy\" decoding=\"async\" width=\"1024\" height=\"1024\" src=\"https:\/\/sp174.waw.pl\/wp-content\/uploads\/2025\/05\/IMG_3247-1024x1024.jpeg\" alt=\"\" class=\"wp-image-3571\" srcset=\"https:\/\/sp174.waw.pl\/wp-content\/uploads\/2025\/05\/IMG_3247-1024x1024.jpeg 1024w, https:\/\/sp174.waw.pl\/wp-content\/uploads\/2025\/05\/IMG_3247-300x300.jpeg 300w, https:\/\/sp174.waw.pl\/wp-content\/uploads\/2025\/05\/IMG_3247-150x150.jpeg 150w, https:\/\/sp174.waw.pl\/wp-content\/uploads\/2025\/05\/IMG_3247-768x768.jpeg 768w, https:\/\/sp174.waw.pl\/wp-content\/uploads\/2025\/05\/IMG_3247-400x400.jpeg 400w, https:\/\/sp174.waw.pl\/wp-content\/uploads\/2025\/05\/IMG_3247-1536x1536.jpeg 1536w, https:\/\/sp174.waw.pl\/wp-content\/uploads\/2025\/05\/IMG_3247-1080x1080.jpeg 1080w, https:\/\/sp174.waw.pl\/wp-content\/uploads\/2025\/05\/IMG_3247.jpeg 1920w\" sizes=\"auto, (max-width: 1024px) 100vw, 1024px\" \/><\/figure>\n","protected":false},"excerpt":{"rendered":"<p>Dnia 1 kwietnia 2025 r. uczniowie wzi\u0119li udzia\u0142 w koncercie \u201eTa\u0144ce rewii i musicali\u201d. W programie zaprezentowane zosta\u0142y ta\u0144ce ze znanych kabaret\u00f3w i musiacli, min. Kankan, Deszczowa Piosenka, Grease, itp. To by\u0142 pe\u0142en energii i rado\u015bci koncert. \u00a0 Marzena Delak<\/p>\n","protected":false},"author":1,"featured_media":0,"comment_status":"closed","ping_status":"closed","sticky":false,"template":"","format":"standard","meta":{"footnotes":""},"categories":[1],"tags":[],"class_list":["post-3570","post","type-post","status-publish","format-standard","hentry","category-bez-kategorii"],"_links":{"self":[{"href":"https:\/\/sp174.waw.pl\/index.php?rest_route=\/wp\/v2\/posts\/3570","targetHints":{"allow":["GET"]}}],"collection":[{"href":"https:\/\/sp174.waw.pl\/index.php?rest_route=\/wp\/v2\/posts"}],"about":[{"href":"https:\/\/sp174.waw.pl\/index.php?rest_route=\/wp\/v2\/types\/post"}],"author":[{"embeddable":true,"href":"https:\/\/sp174.waw.pl\/index.php?rest_route=\/wp\/v2\/users\/1"}],"replies":[{"embeddable":true,"href":"https:\/\/sp174.waw.pl\/index.php?rest_route=%2Fwp%2Fv2%2Fcomments&post=3570"}],"version-history":[{"count":1,"href":"https:\/\/sp174.waw.pl\/index.php?rest_route=\/wp\/v2\/posts\/3570\/revisions"}],"predecessor-version":[{"id":3572,"href":"https:\/\/sp174.waw.pl\/index.php?rest_route=\/wp\/v2\/posts\/3570\/revisions\/3572"}],"wp:attachment":[{"href":"https:\/\/sp174.waw.pl\/index.php?rest_route=%2Fwp%2Fv2%2Fmedia&parent=3570"}],"wp:term":[{"taxonomy":"category","embeddable":true,"href":"https:\/\/sp174.waw.pl\/index.php?rest_route=%2Fwp%2Fv2%2Fcategories&post=3570"},{"taxonomy":"post_tag","embeddable":true,"href":"https:\/\/sp174.waw.pl\/index.php?rest_route=%2Fwp%2Fv2%2Ftags&post=3570"}],"curies":[{"name":"wp","href":"https:\/\/api.w.org\/{rel}","templated":true}]}}