{"id":3582,"date":"2025-04-16T20:01:45","date_gmt":"2025-04-16T18:01:45","guid":{"rendered":"https:\/\/sp174.waw.pl\/?p=3582"},"modified":"2025-05-11T20:02:49","modified_gmt":"2025-05-11T18:02:49","slug":"1b-w-swiatecznym-nastroju-2","status":"publish","type":"post","link":"https:\/\/sp174.waw.pl\/?p=3582","title":{"rendered":"1B W \u015aWI\u0104TECZNYM NASTROJU"},"content":{"rendered":"<p class=\"Standard\" style=\"text-align: justify; text-justify: inter-ideograph;\">W kwietniu, uczniowie klasy 1b cieszyli si\u0119 z wiosny oraz przygotowywali si\u0119 do \u015bwi\u0105t. Dzieci zasia\u0142y nasionka do doniczek oraz owiec wielkanocny. Przygotowywa\u0142y z zaanga\u017cowaniem \u015bwi\u0105teczne ozdoby.<\/p>\n<p class=\"Standard\" style=\"text-align: justify; text-justify: inter-ideograph;\">\u00a0<\/p>\n<p class=\"Standard\" style=\"text-align: right;\" align=\"right\"><i>Marzena Delak<\/i><\/p>\n\n\n<figure class=\"wp-block-image size-large\"><img loading=\"lazy\" decoding=\"async\" width=\"1024\" height=\"512\" src=\"https:\/\/sp174.waw.pl\/wp-content\/uploads\/2025\/05\/Collage-2025-05-11-15_56_06-1024x512.jpg\" alt=\"\" class=\"wp-image-3583\" srcset=\"https:\/\/sp174.waw.pl\/wp-content\/uploads\/2025\/05\/Collage-2025-05-11-15_56_06-1024x512.jpg 1024w, https:\/\/sp174.waw.pl\/wp-content\/uploads\/2025\/05\/Collage-2025-05-11-15_56_06-300x150.jpg 300w, https:\/\/sp174.waw.pl\/wp-content\/uploads\/2025\/05\/Collage-2025-05-11-15_56_06-768x384.jpg 768w, https:\/\/sp174.waw.pl\/wp-content\/uploads\/2025\/05\/Collage-2025-05-11-15_56_06-1536x768.jpg 1536w, https:\/\/sp174.waw.pl\/wp-content\/uploads\/2025\/05\/Collage-2025-05-11-15_56_06.jpg 1920w\" sizes=\"auto, (max-width: 1024px) 100vw, 1024px\" \/><\/figure>\n","protected":false},"excerpt":{"rendered":"<p>W kwietniu, uczniowie klasy 1b cieszyli si\u0119 z wiosny oraz przygotowywali si\u0119 do \u015bwi\u0105t. Dzieci zasia\u0142y nasionka do doniczek oraz owiec wielkanocny. Przygotowywa\u0142y z zaanga\u017cowaniem \u015bwi\u0105teczne ozdoby. \u00a0 Marzena Delak<\/p>\n","protected":false},"author":1,"featured_media":0,"comment_status":"closed","ping_status":"closed","sticky":false,"template":"","format":"standard","meta":{"footnotes":""},"categories":[1],"tags":[],"class_list":["post-3582","post","type-post","status-publish","format-standard","hentry","category-bez-kategorii"],"_links":{"self":[{"href":"https:\/\/sp174.waw.pl\/index.php?rest_route=\/wp\/v2\/posts\/3582","targetHints":{"allow":["GET"]}}],"collection":[{"href":"https:\/\/sp174.waw.pl\/index.php?rest_route=\/wp\/v2\/posts"}],"about":[{"href":"https:\/\/sp174.waw.pl\/index.php?rest_route=\/wp\/v2\/types\/post"}],"author":[{"embeddable":true,"href":"https:\/\/sp174.waw.pl\/index.php?rest_route=\/wp\/v2\/users\/1"}],"replies":[{"embeddable":true,"href":"https:\/\/sp174.waw.pl\/index.php?rest_route=%2Fwp%2Fv2%2Fcomments&post=3582"}],"version-history":[{"count":1,"href":"https:\/\/sp174.waw.pl\/index.php?rest_route=\/wp\/v2\/posts\/3582\/revisions"}],"predecessor-version":[{"id":3584,"href":"https:\/\/sp174.waw.pl\/index.php?rest_route=\/wp\/v2\/posts\/3582\/revisions\/3584"}],"wp:attachment":[{"href":"https:\/\/sp174.waw.pl\/index.php?rest_route=%2Fwp%2Fv2%2Fmedia&parent=3582"}],"wp:term":[{"taxonomy":"category","embeddable":true,"href":"https:\/\/sp174.waw.pl\/index.php?rest_route=%2Fwp%2Fv2%2Fcategories&post=3582"},{"taxonomy":"post_tag","embeddable":true,"href":"https:\/\/sp174.waw.pl\/index.php?rest_route=%2Fwp%2Fv2%2Ftags&post=3582"}],"curies":[{"name":"wp","href":"https:\/\/api.w.org\/{rel}","templated":true}]}}