{"id":3597,"date":"2025-04-01T20:34:25","date_gmt":"2025-04-01T18:34:25","guid":{"rendered":"https:\/\/sp174.waw.pl\/?p=3597"},"modified":"2025-05-12T20:35:38","modified_gmt":"2025-05-12T18:35:38","slug":"prima-aprilis-na-wesolo-stroje-z-dawnych-czasow","status":"publish","type":"post","link":"https:\/\/sp174.waw.pl\/?p=3597","title":{"rendered":"Prima Aprilis na weso\u0142o \u2013 stroje z dawnych czas\u00f3w."},"content":{"rendered":"<p>Szkolne Ko\u0142o Wolontariatu w dniu 1 kwietnia, zaprosi\u0142o wszystkich uczni\u00f3w i grono pedagogiczne do wzi\u0119cia udzia\u0142u w przebraniu si\u0119 w stroje z dawnych epok. Ze wszystkich klas bior\u0105cych udzia\u0142 wy\u0142oniono najlepsze stylizacje:<\/p>\n<p>Klasy 0-3:<\/p>\n<p>I miejsce Jakub Banasiewicz<\/p>\n<p>II miejsce Agata Malczyk<\/p>\n<p>III miejsce Gabriela Haber<\/p>\n<p>Klasy 4-8 z uwagi na niewielk\u0105 liczb\u0119 uczni\u00f3w, kt\u00f3rzy wzi\u0119li udzia\u0142 wolontariusze postanowili wyr\u00f3\u017cni\u0107 wszystkich uczestnik\u00f3w.<\/p>\n<p>Szkolne Ko\u0142o Wolontariatu<\/p>\n\n\n<figure class=\"wp-block-image size-large\"><img loading=\"lazy\" decoding=\"async\" width=\"1024\" height=\"819\" src=\"https:\/\/sp174.waw.pl\/wp-content\/uploads\/2025\/05\/Projekt-bez-nazwy-1024x819.png\" alt=\"\" class=\"wp-image-3598\" srcset=\"https:\/\/sp174.waw.pl\/wp-content\/uploads\/2025\/05\/Projekt-bez-nazwy-1024x819.png 1024w, https:\/\/sp174.waw.pl\/wp-content\/uploads\/2025\/05\/Projekt-bez-nazwy-300x240.png 300w, https:\/\/sp174.waw.pl\/wp-content\/uploads\/2025\/05\/Projekt-bez-nazwy-768x614.png 768w, https:\/\/sp174.waw.pl\/wp-content\/uploads\/2025\/05\/Projekt-bez-nazwy-1536x1229.png 1536w, https:\/\/sp174.waw.pl\/wp-content\/uploads\/2025\/05\/Projekt-bez-nazwy-1350x1080.png 1350w, https:\/\/sp174.waw.pl\/wp-content\/uploads\/2025\/05\/Projekt-bez-nazwy.png 2000w\" sizes=\"auto, (max-width: 1024px) 100vw, 1024px\" \/><\/figure>\n","protected":false},"excerpt":{"rendered":"<p>Szkolne Ko\u0142o Wolontariatu w dniu 1 kwietnia, zaprosi\u0142o wszystkich uczni\u00f3w i grono pedagogiczne do wzi\u0119cia udzia\u0142u w przebraniu si\u0119 w stroje z dawnych epok. Ze wszystkich klas bior\u0105cych udzia\u0142 wy\u0142oniono najlepsze stylizacje: Klasy 0-3: I miejsce Jakub Banasiewicz II miejsce Agata Malczyk III miejsce Gabriela Haber Klasy 4-8 z uwagi na niewielk\u0105 liczb\u0119 uczni\u00f3w, kt\u00f3rzy&hellip; <br \/> <a class=\"read-more\" href=\"https:\/\/sp174.waw.pl\/?p=3597\">Czytaj dalej<\/a><\/p>\n","protected":false},"author":1,"featured_media":0,"comment_status":"closed","ping_status":"closed","sticky":false,"template":"","format":"standard","meta":{"footnotes":""},"categories":[1],"tags":[],"class_list":["post-3597","post","type-post","status-publish","format-standard","hentry","category-bez-kategorii"],"_links":{"self":[{"href":"https:\/\/sp174.waw.pl\/index.php?rest_route=\/wp\/v2\/posts\/3597","targetHints":{"allow":["GET"]}}],"collection":[{"href":"https:\/\/sp174.waw.pl\/index.php?rest_route=\/wp\/v2\/posts"}],"about":[{"href":"https:\/\/sp174.waw.pl\/index.php?rest_route=\/wp\/v2\/types\/post"}],"author":[{"embeddable":true,"href":"https:\/\/sp174.waw.pl\/index.php?rest_route=\/wp\/v2\/users\/1"}],"replies":[{"embeddable":true,"href":"https:\/\/sp174.waw.pl\/index.php?rest_route=%2Fwp%2Fv2%2Fcomments&post=3597"}],"version-history":[{"count":1,"href":"https:\/\/sp174.waw.pl\/index.php?rest_route=\/wp\/v2\/posts\/3597\/revisions"}],"predecessor-version":[{"id":3599,"href":"https:\/\/sp174.waw.pl\/index.php?rest_route=\/wp\/v2\/posts\/3597\/revisions\/3599"}],"wp:attachment":[{"href":"https:\/\/sp174.waw.pl\/index.php?rest_route=%2Fwp%2Fv2%2Fmedia&parent=3597"}],"wp:term":[{"taxonomy":"category","embeddable":true,"href":"https:\/\/sp174.waw.pl\/index.php?rest_route=%2Fwp%2Fv2%2Fcategories&post=3597"},{"taxonomy":"post_tag","embeddable":true,"href":"https:\/\/sp174.waw.pl\/index.php?rest_route=%2Fwp%2Fv2%2Ftags&post=3597"}],"curies":[{"name":"wp","href":"https:\/\/api.w.org\/{rel}","templated":true}]}}