{"id":3651,"date":"2025-06-02T14:31:05","date_gmt":"2025-06-02T12:31:05","guid":{"rendered":"https:\/\/sp174.waw.pl\/?p=3651"},"modified":"2025-06-12T14:32:25","modified_gmt":"2025-06-12T12:32:25","slug":"dzien-dziecka-w-klasie-4b","status":"publish","type":"post","link":"https:\/\/sp174.waw.pl\/?p=3651","title":{"rendered":"Dzie\u0144 Dziecka w klasie 4B"},"content":{"rendered":"<p>Mi\u0119dzynarodowy Dzie\u0144 Dziecka zosta\u0142 ustanowiony w 1954 przez ONZ w celu uwra\u017cliwienia ludzi na zapisane w Karcie Narod\u00f3w Zjednoczonych prawa dziecka. W Polsce obchody Dnia Dziecka przypadaj\u0105 na 1 czerwca.<\/p>\n<p>Z tej okazji 2 czerwca Dzie\u0144 Dziecka r\u00f3wnie\u017c \u015bwi\u0119towali\u015bmy w naszej klasie. Hania Cegie\u0142ka wraz z Alicj\u0105 Witkowsk\u0105 przygotowa\u0142y dla swojej klasy nie lada niespodziank\u0119, a atrakcji nie brakowa\u0142o \u2013 kalambury, gra \u201ePa\u0144stwa Miasta\u201d, stanowisko z tatua\u017cami oraz a\u017c dwa konkursy, w kt\u00f3rych mo\u017cna by\u0142o wygra\u0107 fantastyczne nagrody.<\/p>\n<p>Klasa mia\u0142a szans\u0119 na \u015bwietn\u0105 zabaw\u0119 oraz na pog\u0142\u0119bienie wi\u0119zi mi\u0119dzy sob\u0105. Na pewno ten dzie\u0144 pozostanie w ich pami\u0119ci na d\u0142ugo.<\/p>\n<p>\u00a0<\/p>\n<p>Martyna Paluch<\/p>\n\n\n<figure class=\"wp-block-image size-large\"><img loading=\"lazy\" decoding=\"async\" width=\"1024\" height=\"1024\" src=\"https:\/\/sp174.waw.pl\/wp-content\/uploads\/2025\/06\/Dzien-dziecka-2.06.2025-r-1-1024x1024.jpg\" alt=\"\" class=\"wp-image-3652\" srcset=\"https:\/\/sp174.waw.pl\/wp-content\/uploads\/2025\/06\/Dzien-dziecka-2.06.2025-r-1-1024x1024.jpg 1024w, https:\/\/sp174.waw.pl\/wp-content\/uploads\/2025\/06\/Dzien-dziecka-2.06.2025-r-1-300x300.jpg 300w, https:\/\/sp174.waw.pl\/wp-content\/uploads\/2025\/06\/Dzien-dziecka-2.06.2025-r-1-150x150.jpg 150w, https:\/\/sp174.waw.pl\/wp-content\/uploads\/2025\/06\/Dzien-dziecka-2.06.2025-r-1-768x768.jpg 768w, https:\/\/sp174.waw.pl\/wp-content\/uploads\/2025\/06\/Dzien-dziecka-2.06.2025-r-1-400x400.jpg 400w, https:\/\/sp174.waw.pl\/wp-content\/uploads\/2025\/06\/Dzien-dziecka-2.06.2025-r-1-1536x1536.jpg 1536w, https:\/\/sp174.waw.pl\/wp-content\/uploads\/2025\/06\/Dzien-dziecka-2.06.2025-r-1-1080x1080.jpg 1080w, https:\/\/sp174.waw.pl\/wp-content\/uploads\/2025\/06\/Dzien-dziecka-2.06.2025-r-1.jpg 1920w\" sizes=\"auto, (max-width: 1024px) 100vw, 1024px\" \/><\/figure>\n","protected":false},"excerpt":{"rendered":"<p>Mi\u0119dzynarodowy Dzie\u0144 Dziecka zosta\u0142 ustanowiony w 1954 przez ONZ w celu uwra\u017cliwienia ludzi na zapisane w Karcie Narod\u00f3w Zjednoczonych prawa dziecka. W Polsce obchody Dnia Dziecka przypadaj\u0105 na 1 czerwca. Z tej okazji 2 czerwca Dzie\u0144 Dziecka r\u00f3wnie\u017c \u015bwi\u0119towali\u015bmy w naszej klasie. Hania Cegie\u0142ka wraz z Alicj\u0105 Witkowsk\u0105 przygotowa\u0142y dla swojej klasy nie lada niespodziank\u0119,&hellip; <br \/> <a class=\"read-more\" href=\"https:\/\/sp174.waw.pl\/?p=3651\">Czytaj dalej<\/a><\/p>\n","protected":false},"author":1,"featured_media":0,"comment_status":"closed","ping_status":"closed","sticky":false,"template":"","format":"standard","meta":{"footnotes":""},"categories":[1],"tags":[],"class_list":["post-3651","post","type-post","status-publish","format-standard","hentry","category-bez-kategorii"],"_links":{"self":[{"href":"https:\/\/sp174.waw.pl\/index.php?rest_route=\/wp\/v2\/posts\/3651","targetHints":{"allow":["GET"]}}],"collection":[{"href":"https:\/\/sp174.waw.pl\/index.php?rest_route=\/wp\/v2\/posts"}],"about":[{"href":"https:\/\/sp174.waw.pl\/index.php?rest_route=\/wp\/v2\/types\/post"}],"author":[{"embeddable":true,"href":"https:\/\/sp174.waw.pl\/index.php?rest_route=\/wp\/v2\/users\/1"}],"replies":[{"embeddable":true,"href":"https:\/\/sp174.waw.pl\/index.php?rest_route=%2Fwp%2Fv2%2Fcomments&post=3651"}],"version-history":[{"count":1,"href":"https:\/\/sp174.waw.pl\/index.php?rest_route=\/wp\/v2\/posts\/3651\/revisions"}],"predecessor-version":[{"id":3653,"href":"https:\/\/sp174.waw.pl\/index.php?rest_route=\/wp\/v2\/posts\/3651\/revisions\/3653"}],"wp:attachment":[{"href":"https:\/\/sp174.waw.pl\/index.php?rest_route=%2Fwp%2Fv2%2Fmedia&parent=3651"}],"wp:term":[{"taxonomy":"category","embeddable":true,"href":"https:\/\/sp174.waw.pl\/index.php?rest_route=%2Fwp%2Fv2%2Fcategories&post=3651"},{"taxonomy":"post_tag","embeddable":true,"href":"https:\/\/sp174.waw.pl\/index.php?rest_route=%2Fwp%2Fv2%2Ftags&post=3651"}],"curies":[{"name":"wp","href":"https:\/\/api.w.org\/{rel}","templated":true}]}}