{"id":3695,"date":"2025-06-05T18:36:33","date_gmt":"2025-06-05T16:36:33","guid":{"rendered":"https:\/\/sp174.waw.pl\/?p=3695"},"modified":"2025-06-16T18:38:19","modified_gmt":"2025-06-16T16:38:19","slug":"klasa-1b-w-teatrze-malego-widza","status":"publish","type":"post","link":"https:\/\/sp174.waw.pl\/?p=3695","title":{"rendered":"KLASA 1B W TEATRZE MA\u0141EGO WIDZA"},"content":{"rendered":"<p class=\"Standard\" style=\"text-align: justify; text-justify: inter-ideograph;\">Dnia 5 czerwca 2025 r. uczniowie klasy 1b pojechali do Teatru Ma\u0142ego Widza na spektakl pt. \u201eSensoryczny Labirynt Muzyczny\u201d.<\/p>\n<p class=\"Standard\" style=\"text-align: justify; text-justify: inter-ideograph;\"><span class=\"StrongEmphasis\"><i>\u201eSensoryczny Labirynt Muzyczny\u201d<\/i><\/span><i> to nowatorski projekt artystyczny z pogranicza instalacji, teatru i muzycznego performensu skierowany zar\u00f3wno do ma\u0142ych, jak i ca\u0142kiem du\u017cych odbiorc\u00f3w, kt\u00f3ry ju\u017c od 8 lat cieszy si\u0119 niezwyk\u0142ym zainteresowaniem naszych widz\u00f3w. Dzieci wraz z rodzicami b\u0119d\u0105 mog\u0142y do\u015bwiadcza\u0107 niecodziennych wra\u017ce\u0144 poszukuj\u0105c d\u017awi\u0119k\u00f3w tworzonych na \u017cywo przez muzyk\u00f3w ukrytych w labiryntowych przestrzeniach. Sensoryczny Labirynt Muzyczny to przestrze\u0144 dla zmys\u0142u dotyku, wzroku, s\u0142uchu, w\u0119chu, propriocepcji i r\u00f3wnowagi. Bezpieczne i przytulne wn\u0119trza, pe\u0142ne r\u00f3\u017cnorodnych faktur, kolor\u00f3w, efekt\u00f3w wizualnych, muzycznych i dotykowych zapraszaj\u0105 do odkrywania, eksperymentowania, prze\u017cywania\u2026 Przenosz\u0105 odbiorc\u00f3w w zupe\u0142nie inny wymiar \u2013 wymiar cudownego spokoju i relaksu, tam, gdzie zatrzymuje si\u0119 czas. (opis ze strony teatru <\/i><a href=\"https:\/\/teatrmalegowidza.pl\/2024\/05\/16\/sensorycznylabiryntmuzyczny\/\"><i><span style=\"color: windowtext; text-decoration: none; text-underline: none;\">https:\/\/teatrmalegowidza.pl\/2024\/05\/16\/sensorycznylabiryntmuzyczny\/<\/span><\/i><\/a><i>).<\/i><\/p>\n\n\n<figure class=\"wp-block-image size-large\"><img loading=\"lazy\" decoding=\"async\" width=\"1024\" height=\"721\" src=\"https:\/\/sp174.waw.pl\/wp-content\/uploads\/2025\/06\/Collage-2025-06-15-18_49_59-1024x721.jpg\" alt=\"\" class=\"wp-image-3696\" srcset=\"https:\/\/sp174.waw.pl\/wp-content\/uploads\/2025\/06\/Collage-2025-06-15-18_49_59-1024x721.jpg 1024w, https:\/\/sp174.waw.pl\/wp-content\/uploads\/2025\/06\/Collage-2025-06-15-18_49_59-300x211.jpg 300w, https:\/\/sp174.waw.pl\/wp-content\/uploads\/2025\/06\/Collage-2025-06-15-18_49_59-768x541.jpg 768w, https:\/\/sp174.waw.pl\/wp-content\/uploads\/2025\/06\/Collage-2025-06-15-18_49_59.jpg 1200w\" sizes=\"auto, (max-width: 1024px) 100vw, 1024px\" \/><\/figure>\n","protected":false},"excerpt":{"rendered":"<p>Dnia 5 czerwca 2025 r. uczniowie klasy 1b pojechali do Teatru Ma\u0142ego Widza na spektakl pt. \u201eSensoryczny Labirynt Muzyczny\u201d. \u201eSensoryczny Labirynt Muzyczny\u201d to nowatorski projekt artystyczny z pogranicza instalacji, teatru i muzycznego performensu skierowany zar\u00f3wno do ma\u0142ych, jak i ca\u0142kiem du\u017cych odbiorc\u00f3w, kt\u00f3ry ju\u017c od 8 lat cieszy si\u0119 niezwyk\u0142ym zainteresowaniem naszych widz\u00f3w. Dzieci wraz&hellip; <br \/> <a class=\"read-more\" href=\"https:\/\/sp174.waw.pl\/?p=3695\">Czytaj dalej<\/a><\/p>\n","protected":false},"author":1,"featured_media":0,"comment_status":"closed","ping_status":"closed","sticky":false,"template":"","format":"standard","meta":{"footnotes":""},"categories":[1],"tags":[],"class_list":["post-3695","post","type-post","status-publish","format-standard","hentry","category-bez-kategorii"],"_links":{"self":[{"href":"https:\/\/sp174.waw.pl\/index.php?rest_route=\/wp\/v2\/posts\/3695","targetHints":{"allow":["GET"]}}],"collection":[{"href":"https:\/\/sp174.waw.pl\/index.php?rest_route=\/wp\/v2\/posts"}],"about":[{"href":"https:\/\/sp174.waw.pl\/index.php?rest_route=\/wp\/v2\/types\/post"}],"author":[{"embeddable":true,"href":"https:\/\/sp174.waw.pl\/index.php?rest_route=\/wp\/v2\/users\/1"}],"replies":[{"embeddable":true,"href":"https:\/\/sp174.waw.pl\/index.php?rest_route=%2Fwp%2Fv2%2Fcomments&post=3695"}],"version-history":[{"count":1,"href":"https:\/\/sp174.waw.pl\/index.php?rest_route=\/wp\/v2\/posts\/3695\/revisions"}],"predecessor-version":[{"id":3697,"href":"https:\/\/sp174.waw.pl\/index.php?rest_route=\/wp\/v2\/posts\/3695\/revisions\/3697"}],"wp:attachment":[{"href":"https:\/\/sp174.waw.pl\/index.php?rest_route=%2Fwp%2Fv2%2Fmedia&parent=3695"}],"wp:term":[{"taxonomy":"category","embeddable":true,"href":"https:\/\/sp174.waw.pl\/index.php?rest_route=%2Fwp%2Fv2%2Fcategories&post=3695"},{"taxonomy":"post_tag","embeddable":true,"href":"https:\/\/sp174.waw.pl\/index.php?rest_route=%2Fwp%2Fv2%2Ftags&post=3695"}],"curies":[{"name":"wp","href":"https:\/\/api.w.org\/{rel}","templated":true}]}}